{"id":182879,"date":"2023-04-06T18:00:00","date_gmt":"2023-04-06T17:00:00","guid":{"rendered":"https:\/\/www.tucomarca.com\/wordpress\/segunda\/?p=182879"},"modified":"2023-04-08T10:13:42","modified_gmt":"2023-04-08T09:13:42","slug":"nuevo-hito-para-recordar-50-anos-educando-en-el-cecheste","status":"publish","type":"post","link":"https:\/\/www.tucomarca.com\/wordpress\/segunda\/nuevo-hito-para-recordar-50-anos-educando-en-el-cecheste\/","title":{"rendered":"Nuevo hito para recordar 50 a\u00f1os educando en el Complejo Educativo de Cheste"},"content":{"rendered":"\n<h4 class=\"wp-block-heading\">La Directora Territorial Carmina Valiente descubre el monumento conmemorativo<\/h4>\n\n\n\n<figure class=\"wp-block-gallery has-nested-images columns-default is-cropped wp-block-gallery-1 is-layout-flex wp-block-gallery-is-layout-flex\">\n<figure class=\"wp-block-image size-large\"><img loading=\"lazy\" decoding=\"async\" width=\"886\" height=\"1137\" data-id=\"182882\" src=\"https:\/\/www.tucomarca.com\/wordpress\/segunda\/wp-content\/uploads\/2023\/04\/CE_Cheste1.jpg\" alt=\"\" class=\"wp-image-182882\" srcset=\"https:\/\/www.tucomarca.com\/wordpress\/segunda\/wp-content\/uploads\/2023\/04\/CE_Cheste1.jpg 886w, https:\/\/www.tucomarca.com\/wordpress\/segunda\/wp-content\/uploads\/2023\/04\/CE_Cheste1-234x300.jpg 234w, https:\/\/www.tucomarca.com\/wordpress\/segunda\/wp-content\/uploads\/2023\/04\/CE_Cheste1-798x1024.jpg 798w, https:\/\/www.tucomarca.com\/wordpress\/segunda\/wp-content\/uploads\/2023\/04\/CE_Cheste1-768x986.jpg 768w\" sizes=\"auto, (max-width: 886px) 100vw, 886px\" \/><figcaption>OLYMPUS DIGITAL CAMERA<\/figcaption><\/figure>\n\n\n\n<figure class=\"wp-block-image size-large\"><img loading=\"lazy\" decoding=\"async\" width=\"886\" height=\"665\" data-id=\"182884\" src=\"https:\/\/www.tucomarca.com\/wordpress\/segunda\/wp-content\/uploads\/2023\/04\/CE_Cheste2.jpg\" alt=\"\" class=\"wp-image-182884\" srcset=\"https:\/\/www.tucomarca.com\/wordpress\/segunda\/wp-content\/uploads\/2023\/04\/CE_Cheste2.jpg 886w, https:\/\/www.tucomarca.com\/wordpress\/segunda\/wp-content\/uploads\/2023\/04\/CE_Cheste2-300x225.jpg 300w, https:\/\/www.tucomarca.com\/wordpress\/segunda\/wp-content\/uploads\/2023\/04\/CE_Cheste2-768x576.jpg 768w, https:\/\/www.tucomarca.com\/wordpress\/segunda\/wp-content\/uploads\/2023\/04\/CE_Cheste2-678x509.jpg 678w, https:\/\/www.tucomarca.com\/wordpress\/segunda\/wp-content\/uploads\/2023\/04\/CE_Cheste2-326x245.jpg 326w, https:\/\/www.tucomarca.com\/wordpress\/segunda\/wp-content\/uploads\/2023\/04\/CE_Cheste2-80x60.jpg 80w\" sizes=\"auto, (max-width: 886px) 100vw, 886px\" \/><figcaption>OLYMPUS DIGITAL CAMERA<\/figcaption><\/figure>\n<\/figure>\n\n\n\n<p>Ha llegado el momento de desvelar aquello escondido tras la lona verde. Pasadas las 13 horas la Directora Territorial&nbsp;de Educaci\u00f3n de Valencia ha destapado la figura del&nbsp;monumento conmemorativo del 50 aniversario del&nbsp;Complejo Educativo de Cheste. As\u00ed hemos descubierto una evocaci\u00f3n de la arquitectura de la antigua laboral. Se trata de un octaedro bajo pasarela, con la leyenda 50 Aniversario, sostenido por una&nbsp;columna cil\u00edndrica. Todo ello de hormig\u00f3n visto, y adosado a&nbsp;un muro de caravista tipo Cheste. En el muro se incrusta la&nbsp;madera caracter\u00edstica del complejo,&nbsp;y el logotipo del 50A. El&nbsp;conjunto nos recuerda los tres materiales b\u00e1sicos sobre los&nbsp;que se conforma la arquitectura moderna de Fernando&nbsp;Moreno Barber\u00e1 en la construcci\u00f3n original de Cheste.<\/p>\n\n\n\n<p>Valiente tuvo palabras de agradecimiento<strong><em>, \u201cMi gratitud a&nbsp;<\/em><\/strong><strong><em>quien<\/em><\/strong><strong><em>es hac\u00e9is cada d\u00eda que este lugar siga ofreciendo<\/em><\/strong><strong><em>oportunidades. A quienes fueron, a quienes sois y a quienes&nbsp;<\/em><\/strong><strong><em>seguir\u00e9is. \u00a1&nbsp;<\/em><\/strong><strong><em>Enhorabuena!&nbsp;<\/em><\/strong><strong><em>por conseguir que Cheste te atrape\u201d<\/em><\/strong><\/p>\n\n\n\n<p>El monumento a la trayectoria educativa de la antigua laboral ha sido construido por el&nbsp;personal del Complejo. El dise\u00f1o parte del logotipo ganador del concurso realizado en el a\u00f1o 2019 para la conmemoraci\u00f3n, su autor Jes\u00fas Huerta Crespo fue alumno del COUL en los a\u00f1os 70. El dise\u00f1o del conjunto es obra tambi\u00e9n del personal de gerencia impulsora del proyecto.&nbsp;Lucas Ferrando Zapater se congratul\u00f3 de que por fin podamos disfrutar de este s\u00edmbolo de las oportunidades que este magn\u00edfico centro viene ofreciendo a la comunidad educativa,&nbsp;<strong><em>\u201cla&nbsp;<\/em><\/strong><strong><em>espera ha valido la pena. Este conjunto representa la igualdad de oportunidades que la&nbsp;<\/em><\/strong><strong><em>educaci\u00f3n p\u00fablica ofrece gracias al esfuerzo de muchas personas comprometidas con ella. El mejor futuro para el CeCheste est\u00e1 por venir\u201d&nbsp;<\/em><\/strong>afirm\u00f3<strong><em>.<\/em><\/strong><\/p>\n\n\n\n<p>En el muro se ha colocado una&nbsp;peque\u00f1a losa&nbsp;aleg\u00f3rica a las ense\u00f1anzas que se imparten en los institutos p\u00fablicos que alberga el Complejo. En ella se recoge la&nbsp;inscripci\u00f3n&nbsp;<strong><em>\u201cLa igualdad de oportunidades&nbsp;a&nbsp;trav\u00e9s de la educaci\u00f3n, es lo que genera esperanza\u201d.&nbsp;<\/em><\/strong>Frase pronunciada por el Molt Honorable President Ximo Puig con motivo de la apertura del curso acad\u00e9mico en 2021-22.<\/p>\n\n\n\n<p>Seguidamente quienes asistieron, pudieron visitar las tareas en la Colecci\u00f3n Museogr\u00e1fica&nbsp;Permanente que se prepara en las instalaciones del anterior Comedor de Gala, situado a continuaci\u00f3n de la cafeter\u00eda general.<\/p>\n","protected":false},"excerpt":{"rendered":"<div class=\"mh-excerpt\">La Directora Territorial Carmina Valiente descubre el monumento conmemorativo Ha llegado el momento de desvelar aquello escondido tras la lona verde. Pasadas las 13 horas la Directora Territorial&nbsp;de Educaci\u00f3n de Valencia ha destapado la figura <a class=\"mh-excerpt-more\" href=\"https:\/\/www.tucomarca.com\/wordpress\/segunda\/nuevo-hito-para-recordar-50-anos-educando-en-el-cecheste\/\" title=\"Nuevo hito para recordar 50 a\u00f1os educando en el Complejo Educativo de Cheste\">[+] <\/a><\/div>\n","protected":false},"author":12,"featured_media":182886,"comment_status":"open","ping_status":"open","sticky":false,"template":"","format":"standard","meta":{"footnotes":""},"categories":[17,128,8,10,7,3,45],"tags":[2713,7938,5952],"class_list":{"0":"post-182879","1":"post","2":"type-post","3":"status-publish","4":"format-standard","5":"has-post-thumbnail","7":"category-cheste","8":"category-infraestructuras","9":"category-la-comarca","10":"category-la-hoya","11":"category-ocio-y-cultura","12":"category-seccion","13":"category-ventana","14":"tag-50-aniversario","15":"tag-ce-cheste","16":"tag-la-hoya-de-bunol-chiva"},"_links":{"self":[{"href":"https:\/\/www.tucomarca.com\/wordpress\/segunda\/wp-json\/wp\/v2\/posts\/182879","targetHints":{"allow":["GET"]}}],"collection":[{"href":"https:\/\/www.tucomarca.com\/wordpress\/segunda\/wp-json\/wp\/v2\/posts"}],"about":[{"href":"https:\/\/www.tucomarca.com\/wordpress\/segunda\/wp-json\/wp\/v2\/types\/post"}],"author":[{"embeddable":true,"href":"https:\/\/www.tucomarca.com\/wordpress\/segunda\/wp-json\/wp\/v2\/users\/12"}],"replies":[{"embeddable":true,"href":"https:\/\/www.tucomarca.com\/wordpress\/segunda\/wp-json\/wp\/v2\/comments?post=182879"}],"version-history":[{"count":0,"href":"https:\/\/www.tucomarca.com\/wordpress\/segunda\/wp-json\/wp\/v2\/posts\/182879\/revisions"}],"wp:featuredmedia":[{"embeddable":true,"href":"https:\/\/www.tucomarca.com\/wordpress\/segunda\/wp-json\/wp\/v2\/media\/182886"}],"wp:attachment":[{"href":"https:\/\/www.tucomarca.com\/wordpress\/segunda\/wp-json\/wp\/v2\/media?parent=182879"}],"wp:term":[{"taxonomy":"category","embeddable":true,"href":"https:\/\/www.tucomarca.com\/wordpress\/segunda\/wp-json\/wp\/v2\/categories?post=182879"},{"taxonomy":"post_tag","embeddable":true,"href":"https:\/\/www.tucomarca.com\/wordpress\/segunda\/wp-json\/wp\/v2\/tags?post=182879"}],"curies":[{"name":"wp","href":"https:\/\/api.w.org\/{rel}","templated":true}]}}