{"id":182928,"date":"2023-04-06T12:00:00","date_gmt":"2023-04-06T11:00:00","guid":{"rendered":"https:\/\/www.tucomarca.com\/wordpress\/segunda\/?p=182928"},"modified":"2023-04-08T10:08:01","modified_gmt":"2023-04-08T09:08:01","slug":"psoe-bunol-apostamos-por-mejorar-y-garantizar-el-futuro-de-nuestro-patrimonio-musical","status":"publish","type":"post","link":"https:\/\/www.tucomarca.com\/wordpress\/segunda\/psoe-bunol-apostamos-por-mejorar-y-garantizar-el-futuro-de-nuestro-patrimonio-musical\/","title":{"rendered":"PSOE Bu\u00f1ol: \u00abApostamos por mejorar y garantizar el futuro de nuestro patrimonio musical\u00bb\u00a0"},"content":{"rendered":"\n<h4 class=\"wp-block-heading\">El Partido Socialista de Bu\u00f1ol se ha reunido con los representantes de las sociedades musicales; CIM La Arm\u00f3nica y SM La Art\u00edstica.&nbsp;<\/h4>\n\n\n\n<p>\u00abUno de los retos m\u00e1s importantes que tenemos los Socialistas de Bu\u00f1ol, es apostar por implementar todas las iniciativas posibles para nuestros j\u00f3venes, entre ellas una de las m\u00e1s importantes es impulsar el acceso a los estudios musicales medios y superiores\u00bb, seg\u00fan han manifestado desde el PSOE local.\u00a0<\/p>\n\n\n\n<p>\u00abDurante los \u00faltimo a\u00f1os -por diversos motivos- se est\u00e1 perdiendo la natural y tradicional renovaci\u00f3n de las plantillas de m\u00fasicos de nuestras sociedades musicales, algo que en el futuro podr\u00eda ser perjudicial para las agrupaciones musicales tal y como las conocemos hoy en d\u00eda\u00bb, han a\u00f1adido.\u00a0<\/p>\n\n\n\n<p>\u00abEstamos convencidos de que tenemos que facilitar a los j\u00f3venes la conciliaci\u00f3n de los estudios de Educaci\u00f3n Secundaria Obligatoria y el bachillerato con los de grado medio musical que abarcan de los 12 a 18 a\u00f1os. Debemos facilitar que nuestras sociedades musicales puedan participar en esos estudios oficiales impartiendo las asignaturas de banda y orquesta en la misma sociedad. Es un contrasentido y adem\u00e1s una carga excesiva de horas lectivas que, si los alumnos participan con regularidad y aprovechamiento en la banda juvenil, banda sinf\u00f3nica, orquesta, coro u otros conjuntos de su sociedad, luego deban realizar un trabajo igual en las mencionadas asignaturas en el conservatorio\u00bb.\u00a0<\/p>\n\n\n\n<p>\u00abDebido a la exigencia que supone compaginar los estudios musicales y generales, muchos j\u00f3venes se ven obligados a renunciar a continuar en sus agrupaciones musicales y optar por los estudios generales. La apuesta del Partido Socialista de Bu\u00f1ol es reeditar de nuevo el proyecto \u201cCORCHEA\u201d que supuso facilitar el acceso a la formaci\u00f3n musical a todo el alumnado para contribuir a la consecuci\u00f3n del \u00e9xito acad\u00e9mico, benefici\u00e1ndose as\u00ed de las mejoras en las capacidades cognitivas sociales que se derivan de la pr\u00e1ctica musical\u00bb.\u00a0<\/p>\n\n\n\n<p>\u00abLa aportaci\u00f3n econ\u00f3mica del Ayuntamiento de Bu\u00f1ol a las sociedades musicales es reconocida y puesta en valor, pues con ella se genera una certidumbre presupuestaria para hacer frente a los retos anuales de nuestras sociedades. Y uno de los principales es el de ofrecer una formaci\u00f3n musical pensada en la futura excelencia de nuestros m\u00fasicos y facilitar el acceso de todo aquel que quiera a la misma. Se trata de crear sinergias que faciliten el duro camino que supone compaginar los estudios generales con los musicales\u00bb.\u00a0<\/p>\n\n\n\n<p>\u00abA fecha de hoy tenemos pendiente la renovaci\u00f3n de convenio entre el Ayuntamiento y las sociedades musicales, este momento supondr\u00e1 una oportunidad para la revisi\u00f3n de las contraprestaciones por todas las partes, hay que abordar estas necesidades educativas y de formaci\u00f3n, ver nuevas posibilidades y actualizaciones de la programaci\u00f3n anual concertada con el ayuntamiento contemplando la variada oferta que pueden ofrecer las sociedades musicales y sus distintas secciones musicales\u00bb.\u00a0<\/p>\n\n\n\n<p>\u00abLos socialistas tambi\u00e9n nos comprometemos con la puesta en valor de los edificios de ambas sociedades. Tenemos que volcarnos para resolver todos los aspectos legales que garanticen el perfecto funcionamiento de sus instalaciones. Adem\u00e1s creemos necesario mejorar el entorno urbano de estos espacios, peatonalizarlos y embellecerlos como muestra de la arquitectura social de nuestro pueblo\u00bb.\u00a0<\/p>\n\n\n\n<p>\u00abQueremos llevar a cabo una programaci\u00f3n cultural basada en el aprovechamiento de la amplia oferta que nuestras sociedades pueden ofrecer y programar una serie de actividades que puedan ser disfrutadas por el mayor n\u00famero posible de personas\u00bb.\u00a0<\/p>\n\n\n\n<p>\u00abLos Socialistas de Bu\u00f1ol nos comprometemos a revisar y renovar en lo que fuese necesario la ya longeva Bienal de M\u00fasica. Tambi\u00e9n queremos seguir ofreciendo y promocionando nuestro pueblo y su infraestructura musical para la realizaci\u00f3n de congresos y eventos musicales internacionales. Por \u00faltimo, para seguir con la idea de situar Bu\u00f1ol en la primera l\u00ednea musical mundial, propondremos la celebraci\u00f3n peri\u00f3dica de un concurso de composici\u00f3n, que en cada edici\u00f3n pueda ser para banda, orquesta, coro o agrupaciones camer\u00edsticas. Y adem\u00e1s, la celebraci\u00f3n de un concurso de interpretaci\u00f3n, que seg\u00fan la edici\u00f3n pueda estar dirigido a un tipo de formaci\u00f3n musical concreto\u00bb, han finalizado.\u00a0<\/p>\n","protected":false},"excerpt":{"rendered":"<div class=\"mh-excerpt\">El Partido Socialista de Bu\u00f1ol se ha reunido con los representantes de las sociedades musicales; CIM La Arm\u00f3nica y SM La Art\u00edstica.&nbsp; \u00abUno de los retos m\u00e1s importantes que tenemos los Socialistas de Bu\u00f1ol, es <a class=\"mh-excerpt-more\" href=\"https:\/\/www.tucomarca.com\/wordpress\/segunda\/psoe-bunol-apostamos-por-mejorar-y-garantizar-el-futuro-de-nuestro-patrimonio-musical\/\" title=\"PSOE Bu\u00f1ol: \u00abApostamos por mejorar y garantizar el futuro de nuestro patrimonio musical\u00bb\u00a0\">[+] <\/a><\/div>\n","protected":false},"author":12,"featured_media":169924,"comment_status":"open","ping_status":"open","sticky":false,"template":"","format":"standard","meta":{"footnotes":""},"categories":[18,128,8,10,142,3],"tags":[10385,5952,11380],"class_list":{"0":"post-182928","1":"post","2":"type-post","3":"status-publish","4":"format-standard","5":"has-post-thumbnail","7":"category-bunol","8":"category-infraestructuras","9":"category-la-comarca","10":"category-la-hoya","11":"category-politica-la-comarca","12":"category-seccion","13":"tag-bunol","14":"tag-la-hoya-de-bunol-chiva","15":"tag-pspv-psoe-bunol"},"_links":{"self":[{"href":"https:\/\/www.tucomarca.com\/wordpress\/segunda\/wp-json\/wp\/v2\/posts\/182928","targetHints":{"allow":["GET"]}}],"collection":[{"href":"https:\/\/www.tucomarca.com\/wordpress\/segunda\/wp-json\/wp\/v2\/posts"}],"about":[{"href":"https:\/\/www.tucomarca.com\/wordpress\/segunda\/wp-json\/wp\/v2\/types\/post"}],"author":[{"embeddable":true,"href":"https:\/\/www.tucomarca.com\/wordpress\/segunda\/wp-json\/wp\/v2\/users\/12"}],"replies":[{"embeddable":true,"href":"https:\/\/www.tucomarca.com\/wordpress\/segunda\/wp-json\/wp\/v2\/comments?post=182928"}],"version-history":[{"count":0,"href":"https:\/\/www.tucomarca.com\/wordpress\/segunda\/wp-json\/wp\/v2\/posts\/182928\/revisions"}],"wp:featuredmedia":[{"embeddable":true,"href":"https:\/\/www.tucomarca.com\/wordpress\/segunda\/wp-json\/wp\/v2\/media\/169924"}],"wp:attachment":[{"href":"https:\/\/www.tucomarca.com\/wordpress\/segunda\/wp-json\/wp\/v2\/media?parent=182928"}],"wp:term":[{"taxonomy":"category","embeddable":true,"href":"https:\/\/www.tucomarca.com\/wordpress\/segunda\/wp-json\/wp\/v2\/categories?post=182928"},{"taxonomy":"post_tag","embeddable":true,"href":"https:\/\/www.tucomarca.com\/wordpress\/segunda\/wp-json\/wp\/v2\/tags?post=182928"}],"curies":[{"name":"wp","href":"https:\/\/api.w.org\/{rel}","templated":true}]}}