{"id":18343,"date":"2013-10-05T11:06:08","date_gmt":"2013-10-05T08:06:08","guid":{"rendered":"http:\/\/www.tucomarca.com\/wordpress\/segunda\/?p=18343"},"modified":"2013-10-05T11:06:08","modified_gmt":"2013-10-05T08:06:08","slug":"festividad-del-9-de-octubre-en-turis","status":"publish","type":"post","link":"https:\/\/www.tucomarca.com\/wordpress\/segunda\/festividad-del-9-de-octubre-en-turis\/","title":{"rendered":"Festividad del 9 de Octubre en Tur\u00eds"},"content":{"rendered":"<p>Tur\u00eds celebrar\u00e1 el 9 D\u2019Octubre con una procesi\u00f3n c\u00edvica a las 18,30 horas a la que seguir\u00e1 una chocolatada para los asistentes.<\/p>\n","protected":false},"excerpt":{"rendered":"<div class=\"mh-excerpt\">Tur\u00eds celebrar\u00e1 el 9 D\u2019Octubre con una procesi\u00f3n c\u00edvica a las 18,30 horas a la que seguir\u00e1 una chocolatada para los asistentes.<\/div>\n","protected":false},"author":2,"featured_media":0,"comment_status":"open","ping_status":"open","sticky":false,"template":"","format":"standard","meta":{"footnotes":""},"categories":[4,3],"tags":[451,1298,10394],"class_list":{"0":"post-18343","1":"post","2":"type-post","3":"status-publish","4":"format-standard","6":"category-agenda","7":"category-seccion","8":"tag-9-de-octubre","9":"tag-celebracion","10":"tag-turis"},"_links":{"self":[{"href":"https:\/\/www.tucomarca.com\/wordpress\/segunda\/wp-json\/wp\/v2\/posts\/18343","targetHints":{"allow":["GET"]}}],"collection":[{"href":"https:\/\/www.tucomarca.com\/wordpress\/segunda\/wp-json\/wp\/v2\/posts"}],"about":[{"href":"https:\/\/www.tucomarca.com\/wordpress\/segunda\/wp-json\/wp\/v2\/types\/post"}],"author":[{"embeddable":true,"href":"https:\/\/www.tucomarca.com\/wordpress\/segunda\/wp-json\/wp\/v2\/users\/2"}],"replies":[{"embeddable":true,"href":"https:\/\/www.tucomarca.com\/wordpress\/segunda\/wp-json\/wp\/v2\/comments?post=18343"}],"version-history":[{"count":0,"href":"https:\/\/www.tucomarca.com\/wordpress\/segunda\/wp-json\/wp\/v2\/posts\/18343\/revisions"}],"wp:attachment":[{"href":"https:\/\/www.tucomarca.com\/wordpress\/segunda\/wp-json\/wp\/v2\/media?parent=18343"}],"wp:term":[{"taxonomy":"category","embeddable":true,"href":"https:\/\/www.tucomarca.com\/wordpress\/segunda\/wp-json\/wp\/v2\/categories?post=18343"},{"taxonomy":"post_tag","embeddable":true,"href":"https:\/\/www.tucomarca.com\/wordpress\/segunda\/wp-json\/wp\/v2\/tags?post=18343"}],"curies":[{"name":"wp","href":"https:\/\/api.w.org\/{rel}","templated":true}]}}