{"id":18367,"date":"2013-10-05T11:01:28","date_gmt":"2013-10-05T08:01:28","guid":{"rendered":"http:\/\/www.tucomarca.com\/wordpress\/segunda\/?p=18367"},"modified":"2013-10-05T11:01:28","modified_gmt":"2013-10-05T08:01:28","slug":"este-sabado-se-presenta-a-la-reina-de-la-vendimia-de-cheste","status":"publish","type":"post","link":"https:\/\/www.tucomarca.com\/wordpress\/segunda\/este-sabado-se-presenta-a-la-reina-de-la-vendimia-de-cheste\/","title":{"rendered":"Este s\u00e1bado se presenta a la Reina de la Vendimia de Cheste"},"content":{"rendered":"<p><span style=\"font-family: Verdana; font-size: x-small;\"> <\/span><\/p>\n<figure id=\"attachment_18368\" aria-describedby=\"caption-attachment-18368\" style=\"width: 210px\" class=\"wp-caption alignleft\"><a href=\"https:\/\/www.tucomarca.com\/wordpress\/segunda\/wp-content\/uploads\/2013\/10\/reina.jpg\"><img loading=\"lazy\" decoding=\"async\" class=\"size-medium wp-image-18368\" title=\"reina\" src=\"https:\/\/www.tucomarca.com\/wordpress\/segunda\/wp-content\/uploads\/2013\/10\/reina-210x300.jpg\" alt=\"La Reina de las Fiestas de La Vendimia 2013.\" width=\"210\" height=\"300\" srcset=\"https:\/\/www.tucomarca.com\/wordpress\/segunda\/wp-content\/uploads\/2013\/10\/reina-210x300.jpg 210w, https:\/\/www.tucomarca.com\/wordpress\/segunda\/wp-content\/uploads\/2013\/10\/reina.jpg 464w\" sizes=\"auto, (max-width: 210px) 100vw, 210px\" \/><\/a><figcaption id=\"caption-attachment-18368\" class=\"wp-caption-text\">La Reina de las Fiestas de La Vendimia 2013.<\/figcaption><\/figure>\n<p>El teatro Liceo<span style=\"font-family: Verdana; font-size: x-small;\"> de Cheste acoger\u00e1 este s\u00e1bado, d\u00eda 5 de octubre, el acto de presentaci\u00f3n exaltaci\u00f3n de la XL Reina de las Fiestas de la Vendimia y su Corte de Honor.<\/span><\/p>\n<p><span style=\"font-family: Verdana; font-size: x-small;\"> <\/span><\/p>\n<p><span style=\"font-family: Verdana; font-size: x-small;\">Miriam M\u00e1s Mirasol ser\u00e1 coronada Reina de la Vendimia de 2013 esta noche ante todos los chestanos. Con este evento se marca el inicio de las fiestas patronales de octubre en Honor a San Lucas Evangelista de Cheste y conocidas popularmente como Fiestas de La Vendimia.<\/span><\/p>\n<p><span style=\"font-family: Verdana; font-size: x-small;\"> <\/span><\/p>\n<p><span style=\"font-family: Verdana; font-size: x-small;\">La presentaci\u00f3n contar\u00e1 como mantenedora con la Periodista Silvia Soria, de Radio Nou, especializada en los temas agrarios y con un gran v\u00ednculo por ese mismo motivo hacia Cheste y los chestanos.<\/span><\/p>\n<p><span style=\"font-family: Verdana; font-size: x-small;\"> <\/span><\/p>\n<p><span style=\"font-family: Verdana; font-size: x-small;\">A destacar de este magn\u00edfico evento la elaboraci\u00f3n del trono que confeccionan los padres de todos los chicos y chicas que conforman la vendimia, de manera totalmente artesanal, y que son verdaderas obras de arte donde el elemento fundamental es el papel, el cart\u00f3n y la madera.<\/span><\/p>\n<p><span style=\"font-family: Verdana; font-size: x-small;\"> <\/span><\/p>\n<p><span style=\"font-family: Verdana; font-size: x-small;\">M\u00e1s de 500 personas ser\u00e1n espectadores de excepci\u00f3n en el momento de descubrir el trono y 23 ser\u00e1n los protagonistas que suban a \u00e9l esa misma noche y los representantes de todos los chestanos en estas fiestas de octubre.<\/span><\/p>\n<p>&nbsp;<\/p>\n","protected":false},"excerpt":{"rendered":"<div class=\"mh-excerpt\">El teatro Liceo de Cheste acoger\u00e1 este s\u00e1bado, d\u00eda 5 de octubre, el acto de presentaci\u00f3n exaltaci\u00f3n de la XL Reina de las Fiestas de la Vendimia y su Corte de Honor. Miriam M\u00e1s Mirasol <a class=\"mh-excerpt-more\" href=\"https:\/\/www.tucomarca.com\/wordpress\/segunda\/este-sabado-se-presenta-a-la-reina-de-la-vendimia-de-cheste\/\" title=\"Este s\u00e1bado se presenta a la Reina de la Vendimia de Cheste\">[+] <\/a><\/div>\n","protected":false},"author":1,"featured_media":18368,"comment_status":"open","ping_status":"open","sticky":false,"template":"","format":"standard","meta":{"footnotes":""},"categories":[4,17,10,5,383,3],"tags":[],"class_list":{"0":"post-18367","1":"post","2":"type-post","3":"status-publish","4":"format-standard","5":"has-post-thumbnail","7":"category-agenda","8":"category-cheste","9":"category-la-hoya","10":"category-la-semana-en-imagenes","11":"category-pueblos-en-fiestas","12":"category-seccion"},"_links":{"self":[{"href":"https:\/\/www.tucomarca.com\/wordpress\/segunda\/wp-json\/wp\/v2\/posts\/18367","targetHints":{"allow":["GET"]}}],"collection":[{"href":"https:\/\/www.tucomarca.com\/wordpress\/segunda\/wp-json\/wp\/v2\/posts"}],"about":[{"href":"https:\/\/www.tucomarca.com\/wordpress\/segunda\/wp-json\/wp\/v2\/types\/post"}],"author":[{"embeddable":true,"href":"https:\/\/www.tucomarca.com\/wordpress\/segunda\/wp-json\/wp\/v2\/users\/1"}],"replies":[{"embeddable":true,"href":"https:\/\/www.tucomarca.com\/wordpress\/segunda\/wp-json\/wp\/v2\/comments?post=18367"}],"version-history":[{"count":0,"href":"https:\/\/www.tucomarca.com\/wordpress\/segunda\/wp-json\/wp\/v2\/posts\/18367\/revisions"}],"wp:featuredmedia":[{"embeddable":true,"href":"https:\/\/www.tucomarca.com\/wordpress\/segunda\/wp-json\/wp\/v2\/media\/18368"}],"wp:attachment":[{"href":"https:\/\/www.tucomarca.com\/wordpress\/segunda\/wp-json\/wp\/v2\/media?parent=18367"}],"wp:term":[{"taxonomy":"category","embeddable":true,"href":"https:\/\/www.tucomarca.com\/wordpress\/segunda\/wp-json\/wp\/v2\/categories?post=18367"},{"taxonomy":"post_tag","embeddable":true,"href":"https:\/\/www.tucomarca.com\/wordpress\/segunda\/wp-json\/wp\/v2\/tags?post=18367"}],"curies":[{"name":"wp","href":"https:\/\/api.w.org\/{rel}","templated":true}]}}