{"id":18371,"date":"2013-10-05T10:56:31","date_gmt":"2013-10-05T07:56:31","guid":{"rendered":"http:\/\/www.tucomarca.com\/wordpress\/segunda\/?p=18371"},"modified":"2013-10-05T10:56:31","modified_gmt":"2013-10-05T07:56:31","slug":"la-directora-general-de-comerc-i-consum-silvia-ordinaga-inaugura-la-v-fira-comercial-alzira-oberta","status":"publish","type":"post","link":"https:\/\/www.tucomarca.com\/wordpress\/segunda\/la-directora-general-de-comerc-i-consum-silvia-ordinaga-inaugura-la-v-fira-comercial-alzira-oberta\/","title":{"rendered":"La directora general de Comer\u00e7 i Consum, Silvia Ordi\u00f1aga, inaugura la V Fira Comercial &#8216;Alzira Oberta&#8217;"},"content":{"rendered":"<p>La directora general de Comercio y Consumo, Silvia Ordi\u00f1aga, inaugurar\u00e1 la V Feria Comercial \u00abAlzira Oberta\u00bb organizada para fomentar el desarrollo del comercio local de la localidad, que contar\u00e1 con la participaci\u00f3n de m\u00e1s de 30 establecimientos.<\/p>\n","protected":false},"excerpt":{"rendered":"<div class=\"mh-excerpt\">La directora general de Comercio y Consumo, Silvia Ordi\u00f1aga, inaugurar\u00e1 la V Feria Comercial \u00abAlzira Oberta\u00bb organizada para fomentar el desarrollo del comercio local de la localidad, que contar\u00e1 con la participaci\u00f3n de m\u00e1s de <a class=\"mh-excerpt-more\" href=\"https:\/\/www.tucomarca.com\/wordpress\/segunda\/la-directora-general-de-comerc-i-consum-silvia-ordinaga-inaugura-la-v-fira-comercial-alzira-oberta\/\" title=\"La directora general de Comer\u00e7 i Consum, Silvia Ordi\u00f1aga, inaugura la V Fira Comercial &#8216;Alzira Oberta&#8217;\">[+] <\/a><\/div>\n","protected":false},"author":1,"featured_media":0,"comment_status":"open","ping_status":"open","sticky":false,"template":"","format":"standard","meta":{"footnotes":""},"categories":[4,69,42,3],"tags":[],"class_list":{"0":"post-18371","1":"post","2":"type-post","3":"status-publish","4":"format-standard","6":"category-agenda","7":"category-alzira","8":"category-la-ribera","9":"category-seccion"},"_links":{"self":[{"href":"https:\/\/www.tucomarca.com\/wordpress\/segunda\/wp-json\/wp\/v2\/posts\/18371","targetHints":{"allow":["GET"]}}],"collection":[{"href":"https:\/\/www.tucomarca.com\/wordpress\/segunda\/wp-json\/wp\/v2\/posts"}],"about":[{"href":"https:\/\/www.tucomarca.com\/wordpress\/segunda\/wp-json\/wp\/v2\/types\/post"}],"author":[{"embeddable":true,"href":"https:\/\/www.tucomarca.com\/wordpress\/segunda\/wp-json\/wp\/v2\/users\/1"}],"replies":[{"embeddable":true,"href":"https:\/\/www.tucomarca.com\/wordpress\/segunda\/wp-json\/wp\/v2\/comments?post=18371"}],"version-history":[{"count":0,"href":"https:\/\/www.tucomarca.com\/wordpress\/segunda\/wp-json\/wp\/v2\/posts\/18371\/revisions"}],"wp:attachment":[{"href":"https:\/\/www.tucomarca.com\/wordpress\/segunda\/wp-json\/wp\/v2\/media?parent=18371"}],"wp:term":[{"taxonomy":"category","embeddable":true,"href":"https:\/\/www.tucomarca.com\/wordpress\/segunda\/wp-json\/wp\/v2\/categories?post=18371"},{"taxonomy":"post_tag","embeddable":true,"href":"https:\/\/www.tucomarca.com\/wordpress\/segunda\/wp-json\/wp\/v2\/tags?post=18371"}],"curies":[{"name":"wp","href":"https:\/\/api.w.org\/{rel}","templated":true}]}}