{"id":18380,"date":"2013-10-05T10:59:37","date_gmt":"2013-10-05T07:59:37","guid":{"rendered":"http:\/\/www.tucomarca.com\/wordpress\/segunda\/?p=18380"},"modified":"2013-10-05T10:59:37","modified_gmt":"2013-10-05T07:59:37","slug":"catala-presenta-el-cartel-oficial-del-gran-premio-generali-de-la-comunitat-valenciana-en-cheste","status":"publish","type":"post","link":"https:\/\/www.tucomarca.com\/wordpress\/segunda\/catala-presenta-el-cartel-oficial-del-gran-premio-generali-de-la-comunitat-valenciana-en-cheste\/","title":{"rendered":"Catal\u00e0 presenta el cartel oficial del Gran Premio Generali de la Comunitat Valenciana en Cheste"},"content":{"rendered":"<figure id=\"attachment_18381\" aria-describedby=\"caption-attachment-18381\" style=\"width: 300px\" class=\"wp-caption alignleft\"><a href=\"https:\/\/www.tucomarca.com\/wordpress\/segunda\/wp-content\/uploads\/2013\/10\/GP_Generali_CV.jpg\"><img loading=\"lazy\" decoding=\"async\" class=\"size-medium wp-image-18381\" title=\"GP_Generali_CV\" src=\"https:\/\/www.tucomarca.com\/wordpress\/segunda\/wp-content\/uploads\/2013\/10\/GP_Generali_CV-300x199.jpg\" alt=\"Catal\u00e1 anuncia que la venda d'entrades supera en un 20 per cent l'anterior edici\u00f3 del Gran Premi.\" width=\"300\" height=\"199\" srcset=\"https:\/\/www.tucomarca.com\/wordpress\/segunda\/wp-content\/uploads\/2013\/10\/GP_Generali_CV-300x199.jpg 300w, https:\/\/www.tucomarca.com\/wordpress\/segunda\/wp-content\/uploads\/2013\/10\/GP_Generali_CV-1024x680.jpg 1024w\" sizes=\"auto, (max-width: 300px) 100vw, 300px\" \/><\/a><figcaption id=\"caption-attachment-18381\" class=\"wp-caption-text\">Catal\u00e1 anuncia que la venda d&#39;entrades supera en un 20 per cent l&#39;anterior edici\u00f3 del Gran Premi.<\/figcaption><\/figure>\n<p>La consellera de Cultura, Educaci\u00f3 i Esport, Mar\u00eda Jos\u00e9 Catal\u00e1, ha presentat el cartell oficial del Gran Premi Generali de la Comunitat Valenciana que tancar\u00e0 el Campionat del M\u00f3n de Motociclisme MotoGP del 8 al 10 de novembre al Circuit de la Comunitat Valenciana Ricardo Tormo.<\/p>\n<p>Catal\u00e0 ha expressat el desig que al Circuit de la Comunitat Valenciana Ricardo Tormo es decidisquen els t\u00edtols de MotoGP, Moto2 i Moto3 i junt amb el pilot Nico Terol ha invitat \u00abtots els aficionats valencians, espanyols i estrangers a disfrutar un any m\u00e9s d&#8217;esta magn\u00edfica competici\u00f3 esportiva\u00bb.<\/p>\n<p>Catal\u00e1 ha fixat l&#8217;increment en un 20% la venda d&#8217;entrades respecte a l&#8217;edici\u00f3 anterior del Gran Premi, del qual ha destacat \u00abel &#8216;segell valenci\u00e0&#8217; com una dels seus principals senyals d&#8217;identitat, tant en les grades, per l&#8217;entusiasme de l&#8217;afici\u00f3 valenciana, com en la pista, amb Jorge, Nico i H\u00e9ctor com a exponents de l&#8217;escola de formaci\u00f3 de pilots del Circuit. Perqu\u00e8 este Gran Premi arreplega &#8216;l&#8217;ess\u00e8ncia&#8217; de la pol\u00edtica esportiva de la Generalitat: esport d&#8217;elit i oportunitat per a la base\u00bb.<\/p>\n<p>El cartell, obra de l&#8217;ag\u00e8ncia castellonenca EventGroup, va ser triat pels aficionats en una votaci\u00f3 popular en Internet. Un total de 2.176 aficionats van apostar en la p\u00e0gina web oficial del Circuit www.circuitval\u00e8ncia.com per algun dels cinc cartells proposats.<\/p>\n<p>En la presentaci\u00f3 Nico Terol s&#8217;ha mostrat \u00abmolt motivat per als pr\u00f2xims grans premis i especialment per al Gran Premi de casa perqu\u00e8 \u00e9s el circuit en qu\u00e8 vaig ser campi\u00f3 del m\u00f3n, perqu\u00e8 \u00e9s on vaig comen\u00e7ar en a\u00e7\u00f2 de les motos i perqu\u00e8 \u00e9s on estic amb la meua gent i espere lluitar per la vict\u00f2ria a Cheste\u00bb.<\/p>\n<p>Novetats per a la 15a edici\u00f3<\/p>\n<p>El director general del Circuit, Gonzalo Gobert, ha anat desgranant les novetats d&#8217;esta 15a edici\u00f3 del Gran Premi de la Comunitat Valenciana. Gobert ha anunciat la celebraci\u00f3 a la Fira Val\u00e8ncia del Sal\u00f3 2 Rodes com \u00abuna alian\u00e7a estrat\u00e8gica per als pr\u00f2xims anys que ha de convertir el binomi Moto+Val\u00e8ncia en una combinaci\u00f3 perfecta per a tots els aficionats espanyols\u00bb.<\/p>\n<p>A m\u00e9s ha presentat la renovada oferta del Circuit per al Gran Premi: nova zona d&#8217;acampada amb festa nocturna, WiFi gratis i connexi\u00f3 per a la c\u00e0rrega gratu\u00efta de dispositius m\u00f2bils; nou acc\u00e9s principal al Circuit; un nou Punt de Trobada &#8211; Paddock Bar junt amb l&#8217;entrada del paddock; nou arc de benvinguda que far\u00e0 de directori; activitats relacionades amb les xarxes socials i nova r\u00e0dio digital que informar\u00e0 de totes les activitats del Gran Premi i del Sal\u00f3 2 Rodes ja disponible en Apple Store i Google Play per a iOS i Android amb el nom \u00ab2RuedasRadio\u00bb<\/p>\n<p>El cartel, obra de la agencia castellonense EventGroup, fue elegido por los aficionados en una votaci\u00f3n popular en Internet. Un total de 2.176 aficionados apostaron en la p\u00e1gina web oficial del Circuit www.circuitvalencia.com por alguno de los cinco carteles propuestos.<\/p>\n<p>En la presentaci\u00f3n Nico Terol se ha mostrado \u00abmuy motivado para los pr\u00f3ximos grandes premios y especialmente para el Gran Premio de casa porque es el circuito en el que fu\u00ed campe\u00f3n del mundo, porque es donde empec\u00e9 en esto de las motos y porque es donde estoy con mi gente y espero luchar por la victoria en Cheste\u00bb.<\/p>\n<p>Novedades para la 15\u00aa edici\u00f3n<\/p>\n<p>El director general del Circuit, Gonzalo Gobert, ha ido desgranando las novedades de esta 15\u00aa edici\u00f3n del Gran Premio de la Comunitat Valenciana. Gobert ha anunciado la celebraci\u00f3n en Feria Valerncia del Sal\u00f3n 2 Ruedas como \u00abuna alianza estrat\u00e9gica para los pr\u00f3ximos a\u00f1os que debe convertir el binomio Moto+Valencia en una combinaci\u00f3n perfecta para todos los aficionados espa\u00f1oles\u00bb.<\/p>\n<p>Adem\u00e1s ha presentado la renovada oferta del Circuit para el Gran Premio: nueva zona de acampada con fiesta nocturna, WiFi gratis y conexi\u00f3n para la carga gratuita de dispositivos m\u00f3viles; nuevo acceso principal al Circuit; un nuevo Punto de Encuentro &#8211; Paddock Bar junto a la entrada del paddock; nuevo arco de bienvenida que har\u00e1 las veces de directorio; actividades relacionadas con las redes sociales y nueva radio digital que informar\u00e1 de todas las actividades del Gran Premio y del Salon 2 Ruedas ya disponible en Apple Store y Google Play para iOS y Android bajo el nombre \u00ab2RuedasRadio\u00bb<\/p>\n","protected":false},"excerpt":{"rendered":"<div class=\"mh-excerpt\">La consellera de Cultura, Educaci\u00f3 i Esport, Mar\u00eda Jos\u00e9 Catal\u00e1, ha presentat el cartell oficial del Gran Premi Generali de la Comunitat Valenciana que tancar\u00e0 el Campionat del M\u00f3n de Motociclisme MotoGP del 8 al <a class=\"mh-excerpt-more\" href=\"https:\/\/www.tucomarca.com\/wordpress\/segunda\/catala-presenta-el-cartel-oficial-del-gran-premio-generali-de-la-comunitat-valenciana-en-cheste\/\" title=\"Catal\u00e0 presenta el cartel oficial del Gran Premio Generali de la Comunitat Valenciana en Cheste\">[+] <\/a><\/div>\n","protected":false},"author":1,"featured_media":18381,"comment_status":"open","ping_status":"open","sticky":false,"template":"","format":"standard","meta":{"footnotes":""},"categories":[17,6,10,91,3,45],"tags":[],"class_list":{"0":"post-18380","1":"post","2":"type-post","3":"status-publish","4":"format-standard","5":"has-post-thumbnail","7":"category-cheste","8":"category-deportes","9":"category-la-hoya","10":"category-motociclismo","11":"category-seccion","12":"category-ventana"},"_links":{"self":[{"href":"https:\/\/www.tucomarca.com\/wordpress\/segunda\/wp-json\/wp\/v2\/posts\/18380","targetHints":{"allow":["GET"]}}],"collection":[{"href":"https:\/\/www.tucomarca.com\/wordpress\/segunda\/wp-json\/wp\/v2\/posts"}],"about":[{"href":"https:\/\/www.tucomarca.com\/wordpress\/segunda\/wp-json\/wp\/v2\/types\/post"}],"author":[{"embeddable":true,"href":"https:\/\/www.tucomarca.com\/wordpress\/segunda\/wp-json\/wp\/v2\/users\/1"}],"replies":[{"embeddable":true,"href":"https:\/\/www.tucomarca.com\/wordpress\/segunda\/wp-json\/wp\/v2\/comments?post=18380"}],"version-history":[{"count":0,"href":"https:\/\/www.tucomarca.com\/wordpress\/segunda\/wp-json\/wp\/v2\/posts\/18380\/revisions"}],"wp:featuredmedia":[{"embeddable":true,"href":"https:\/\/www.tucomarca.com\/wordpress\/segunda\/wp-json\/wp\/v2\/media\/18381"}],"wp:attachment":[{"href":"https:\/\/www.tucomarca.com\/wordpress\/segunda\/wp-json\/wp\/v2\/media?parent=18380"}],"wp:term":[{"taxonomy":"category","embeddable":true,"href":"https:\/\/www.tucomarca.com\/wordpress\/segunda\/wp-json\/wp\/v2\/categories?post=18380"},{"taxonomy":"post_tag","embeddable":true,"href":"https:\/\/www.tucomarca.com\/wordpress\/segunda\/wp-json\/wp\/v2\/tags?post=18380"}],"curies":[{"name":"wp","href":"https:\/\/api.w.org\/{rel}","templated":true}]}}