{"id":184187,"date":"2023-04-27T07:30:00","date_gmt":"2023-04-27T06:30:00","guid":{"rendered":"https:\/\/www.tucomarca.com\/wordpress\/segunda\/?p=184187"},"modified":"2023-04-27T12:04:40","modified_gmt":"2023-04-27T11:04:40","slug":"la-symfonic-wind-orchestra-de-drunen-ofrece-un-concierto-en-el-teatro-montecarlo","status":"publish","type":"post","link":"https:\/\/www.tucomarca.com\/wordpress\/segunda\/la-symfonic-wind-orchestra-de-drunen-ofrece-un-concierto-en-el-teatro-montecarlo\/","title":{"rendered":"La Symfonic Wind Orchestra de Drunen ofrece un concierto en el teatro Montecarlo de Bu\u00f1ol"},"content":{"rendered":"\n<p>El pr\u00f3ximo viernes, 28 de abril, a las 19,00 horas el teatro Montecarlo abrir\u00e1 sus puertas para acoger a la Symfonic Wind Orchestra de Drunen, Pa\u00edses Bajos, en el que ser\u00e1 el \u00faltimo concierto enmarcado en la celebraci\u00f3n del LXX Aniversario del Teatro.&nbsp;<\/p>\n\n\n\n<p>La banda neerlandesa, fundada en 1843, aterrizaba en nuestro pa\u00eds hace unos d\u00edas, para realizar una gira de conciertos por la Comunitat Valenciana, en la que visitar\u00e1n poblaciones como Llutxent, Cullera, Valencia o X\u00e0tiva. La importancia y renombre de Bu\u00f1ol en la m\u00fasica sinf\u00f3nica ha marcado que dentro de su itinerario, hayan querido visitar nuestra localidad y conocer a la Sociedad Musical La Art\u00edstica, una de las mejores bandas sinf\u00f3nicas del mundo, teniendo la oportunidad de actuar en el maravilloso Teatro Montecarlo, para poner el broche de oro a las celebraciones de su 70 cumplea\u00f1os.&nbsp;<\/p>\n\n\n\n<p>Dentro del programa que Geert Mooren ha preparado junto a los 90 m\u00fasicos que realizan este viaje, destacan \u201cElsa\u2019s procession to the Cathedral\u201d de Richard Wagner, \u201cCharles Chaplin\u201d de Marcel Peeters o las \u201cDanzas armenias\u201d de Alfred Reed. La banda neerlandesa no ha querido dejar pasar la oportunidad de programar m\u00fasica espa\u00f1ola, ofreciendo entre su repertorio el pasodoble \u201cAteneo Musical\u201d de Mariano Puig y como cierre, el \u201cHimno de Valencia\u201d de Serrano y Tous.&nbsp;<\/p>\n\n\n\n<p>Esta ser\u00e1 una oportunidad \u00fanica de disfrutar en Bu\u00f1ol de una agrupaci\u00f3n con tanta historia y renombre en Pa\u00edses Bajos, por lo que la entrada ser\u00e1 libre, deseando que los amantes de la m\u00fasica de la localidad y de la comarca, den un caluroso recibimiento a la Symfonic Wind Orchestra.<\/p>\n","protected":false},"excerpt":{"rendered":"<div class=\"mh-excerpt\">El pr\u00f3ximo viernes, 28 de abril, a las 19,00 horas el teatro Montecarlo abrir\u00e1 sus puertas para acoger a la Symfonic Wind Orchestra de Drunen, Pa\u00edses Bajos, en el que ser\u00e1 el \u00faltimo concierto enmarcado <a class=\"mh-excerpt-more\" href=\"https:\/\/www.tucomarca.com\/wordpress\/segunda\/la-symfonic-wind-orchestra-de-drunen-ofrece-un-concierto-en-el-teatro-montecarlo\/\" title=\"La Symfonic Wind Orchestra de Drunen ofrece un concierto en el teatro Montecarlo de Bu\u00f1ol\">[+] <\/a><\/div>\n","protected":false},"author":12,"featured_media":184189,"comment_status":"open","ping_status":"open","sticky":false,"template":"","format":"standard","meta":{"footnotes":""},"categories":[18,66,8,10,7,3],"tags":[17116,10385,5952],"class_list":{"0":"post-184187","1":"post","2":"type-post","3":"status-publish","4":"format-standard","5":"has-post-thumbnail","7":"category-bunol","8":"category-musica","9":"category-la-comarca","10":"category-la-hoya","11":"category-ocio-y-cultura","12":"category-seccion","13":"tag-aniversario-teatro-montecarlo","14":"tag-bunol","15":"tag-la-hoya-de-bunol-chiva"},"_links":{"self":[{"href":"https:\/\/www.tucomarca.com\/wordpress\/segunda\/wp-json\/wp\/v2\/posts\/184187","targetHints":{"allow":["GET"]}}],"collection":[{"href":"https:\/\/www.tucomarca.com\/wordpress\/segunda\/wp-json\/wp\/v2\/posts"}],"about":[{"href":"https:\/\/www.tucomarca.com\/wordpress\/segunda\/wp-json\/wp\/v2\/types\/post"}],"author":[{"embeddable":true,"href":"https:\/\/www.tucomarca.com\/wordpress\/segunda\/wp-json\/wp\/v2\/users\/12"}],"replies":[{"embeddable":true,"href":"https:\/\/www.tucomarca.com\/wordpress\/segunda\/wp-json\/wp\/v2\/comments?post=184187"}],"version-history":[{"count":0,"href":"https:\/\/www.tucomarca.com\/wordpress\/segunda\/wp-json\/wp\/v2\/posts\/184187\/revisions"}],"wp:featuredmedia":[{"embeddable":true,"href":"https:\/\/www.tucomarca.com\/wordpress\/segunda\/wp-json\/wp\/v2\/media\/184189"}],"wp:attachment":[{"href":"https:\/\/www.tucomarca.com\/wordpress\/segunda\/wp-json\/wp\/v2\/media?parent=184187"}],"wp:term":[{"taxonomy":"category","embeddable":true,"href":"https:\/\/www.tucomarca.com\/wordpress\/segunda\/wp-json\/wp\/v2\/categories?post=184187"},{"taxonomy":"post_tag","embeddable":true,"href":"https:\/\/www.tucomarca.com\/wordpress\/segunda\/wp-json\/wp\/v2\/tags?post=184187"}],"curies":[{"name":"wp","href":"https:\/\/api.w.org\/{rel}","templated":true}]}}