{"id":184206,"date":"2023-04-27T11:00:00","date_gmt":"2023-04-27T10:00:00","guid":{"rendered":"https:\/\/www.tucomarca.com\/wordpress\/segunda\/?p=184206"},"modified":"2023-04-27T11:50:10","modified_gmt":"2023-04-27T10:50:10","slug":"veinticinco-detenidos-al-desarticular-una-red-criminal-que-transportaba-droga-desde-sudamerica-en-una-operacion-que-comenzo-en-la-pobla-de-vallbona-y-lliria","status":"publish","type":"post","link":"https:\/\/www.tucomarca.com\/wordpress\/segunda\/veinticinco-detenidos-al-desarticular-una-red-criminal-que-transportaba-droga-desde-sudamerica-en-una-operacion-que-comenzo-en-la-pobla-de-vallbona-y-lliria\/","title":{"rendered":"Veinticinco detenidos al desarticular una red criminal que transportaba droga desde Sudam\u00e9rica en una operaci\u00f3n que comenz\u00f3 en La Pobla de Vallbona y Ll\u00edria\u00a0 \u00a0 \u00a0 \u00a0 \u00a0 \u00a0 \u00a0"},"content":{"rendered":"\n<h3 class=\"wp-block-heading\"><strong>La operaci\u00f3n comenz\u00f3 con la investigaci\u00f3n de varios posibles puntos de venta de droga en las localidades de La Pobla de Vallbona y Ll\u00edria<\/strong>.<\/h3>\n\n\n\n<h3 class=\"wp-block-heading\"><strong>La Guardia Civil realiz\u00f3 5 registros domiciliarios en La Pobla de Vallbona y Ll\u00edria<\/strong>.<\/h3>\n\n\n\n<h3 class=\"wp-block-heading\"><strong>La Guardia Civil de Valencia ha detenido un total de 16 hombres y 9 mujeres de edades comprendidas entre 15 y 68 a\u00f1os<\/strong>.<\/h3>\n\n\n\n<h3 class=\"wp-block-heading\"><strong>Varios de los detenidos eran trabajadores de una peluquer\u00eda y un bar de La Pobla de Vallbona y, adem\u00e1s, de una agencia inmobiliaria y gestor\u00eda de Liria que participaban en el blanqueo de capitales<\/strong><\/h3>\n\n\n\n<p>La Guardia Civil de Valencia, en el marco de la operaci\u00f3n \u201cBIG RED\u201d, ha detenido a 25 personas que traficaban con drogas transportadas directamente de Sudam\u00e9rica. &nbsp; &nbsp; &nbsp;<\/p>\n\n\n\n<p>La operaci\u00f3n comenz\u00f3 con la investigaci\u00f3n de varios posibles puntos de venta de droga en las localidades de La Pobla de Vallbona y Liria. El supuesto autor de estos hechos era un hombre de 43 a\u00f1os, de nacionalidad colombiana, que hab\u00eda falsificado su identidad con la intenci\u00f3n de darse de alta en varias l\u00edneas telef\u00f3nicas a nombre de otra persona, adem\u00e1s de conducir sin carn\u00e9 de conducci\u00f3n.&nbsp;<\/p>\n\n\n\n<p>Fruto de estas investigaciones, la Guardia Civil descubri\u00f3 que la coca\u00edna que se suministraba a los consumidores en estos municipios proced\u00eda directamente de Sudam\u00e9rica. El pasado 12 de marzo, la Guardia Civil de Valencia procedi\u00f3 a la detenci\u00f3n de un hombre de 60 a\u00f1os, de nacionalidad nicarag\u00fcense, despu\u00e9s desembarcar de un avi\u00f3n de pasajeros en el Aeropuerto de Alicante. El detenido llevaba 106 c\u00e1psulas de coca\u00edna en el interior de su organismo con un total de 1,5 kilogramos.<\/p>\n\n\n\n<p>A ra\u00edz de esta intervenci\u00f3n, los agentes realizaron 5 registros domiciliarios en La Pobla de Vallbona y Liria. Se intervinieron m\u00e1s de un kilogramo de marihuana, MDMA, diferentes precursores de droga, 4 veh\u00edculos valorados en 40.000 euros, un rolex de 10.000 euros, 25 m\u00f3viles con un precio de 7.500 euros, 1.500 d\u00f3lares en efectivo y m\u00e1s de 3.600 euros en efectivo.<\/p>\n\n\n\n<p>Finalmente, la Guardia Civil de Valencia ha detenido un total de 16 hombres y 9 mujeres de edades comprendidas entre 15 y 68 a\u00f1os y de nacionalidad espa\u00f1ola, colombiana, nicarag\u00fcense y rumana por los delitos de pertenencia a organizaci\u00f3n criminal, tr\u00e1fico de drogas, blanqueo de capitales, revelaci\u00f3n de secretos, omisi\u00f3n del deber de perseguir delitos, falsificaci\u00f3n documental, usurpaci\u00f3n de estado civil y contra la seguridad del tr\u00e1fico.<\/p>\n\n\n\n<p>Varios de los detenidos eran trabajadores de una peluquer\u00eda y un bar de Pobla de Vallbona y, adem\u00e1s, de una agencia inmobiliaria y gestor\u00eda de Ll\u00edria que participaban en el blanqueo de capitales.&nbsp;<\/p>\n\n\n\n<p>Uno de los detenidos, incluso compr\u00f3 una vivienda en Ll\u00edria, con un valor de 80.000 euros, con el dinero obtenido del narcotr\u00e1fico.<\/p>\n\n\n\n<p>Las diligencias han sido entregadas en el Juzgado de Primera Instancia e Instrucci\u00f3n N\u00famero 7 de Valencia. Se ha decretado el ingreso en prisi\u00f3n del detenido en el Aeropuerto de Alicante.<\/p>\n\n\n\n<figure class=\"wp-block-gallery has-nested-images columns-2 is-cropped wp-block-gallery-1 is-layout-flex wp-block-gallery-is-layout-flex\">\n<figure class=\"wp-block-image size-large\"><img loading=\"lazy\" decoding=\"async\" width=\"1920\" height=\"1080\" data-id=\"184215\" src=\"https:\/\/www.tucomarca.com\/wordpress\/segunda\/wp-content\/uploads\/2023\/04\/LaPobladetenidos4.jpg\" alt=\"\" class=\"wp-image-184215\" srcset=\"https:\/\/www.tucomarca.com\/wordpress\/segunda\/wp-content\/uploads\/2023\/04\/LaPobladetenidos4.jpg 1920w, https:\/\/www.tucomarca.com\/wordpress\/segunda\/wp-content\/uploads\/2023\/04\/LaPobladetenidos4-300x169.jpg 300w, https:\/\/www.tucomarca.com\/wordpress\/segunda\/wp-content\/uploads\/2023\/04\/LaPobladetenidos4-1024x576.jpg 1024w, https:\/\/www.tucomarca.com\/wordpress\/segunda\/wp-content\/uploads\/2023\/04\/LaPobladetenidos4-768x432.jpg 768w, https:\/\/www.tucomarca.com\/wordpress\/segunda\/wp-content\/uploads\/2023\/04\/LaPobladetenidos4-1536x864.jpg 1536w, https:\/\/www.tucomarca.com\/wordpress\/segunda\/wp-content\/uploads\/2023\/04\/LaPobladetenidos4-678x381.jpg 678w\" sizes=\"auto, (max-width: 1920px) 100vw, 1920px\" \/><\/figure>\n\n\n\n<figure class=\"wp-block-image size-large\"><img loading=\"lazy\" decoding=\"async\" width=\"1920\" height=\"1080\" data-id=\"184213\" src=\"https:\/\/www.tucomarca.com\/wordpress\/segunda\/wp-content\/uploads\/2023\/04\/LaPobladetenidos3.jpg\" alt=\"\" class=\"wp-image-184213\" srcset=\"https:\/\/www.tucomarca.com\/wordpress\/segunda\/wp-content\/uploads\/2023\/04\/LaPobladetenidos3.jpg 1920w, https:\/\/www.tucomarca.com\/wordpress\/segunda\/wp-content\/uploads\/2023\/04\/LaPobladetenidos3-300x169.jpg 300w, https:\/\/www.tucomarca.com\/wordpress\/segunda\/wp-content\/uploads\/2023\/04\/LaPobladetenidos3-1024x576.jpg 1024w, https:\/\/www.tucomarca.com\/wordpress\/segunda\/wp-content\/uploads\/2023\/04\/LaPobladetenidos3-768x432.jpg 768w, https:\/\/www.tucomarca.com\/wordpress\/segunda\/wp-content\/uploads\/2023\/04\/LaPobladetenidos3-1536x864.jpg 1536w, https:\/\/www.tucomarca.com\/wordpress\/segunda\/wp-content\/uploads\/2023\/04\/LaPobladetenidos3-678x381.jpg 678w\" sizes=\"auto, (max-width: 1920px) 100vw, 1920px\" \/><\/figure>\n\n\n\n<figure class=\"wp-block-image size-large\"><img loading=\"lazy\" decoding=\"async\" width=\"1920\" height=\"1080\" data-id=\"184211\" src=\"https:\/\/www.tucomarca.com\/wordpress\/segunda\/wp-content\/uploads\/2023\/04\/LaPobladetenidos2.jpg\" alt=\"\" class=\"wp-image-184211\" srcset=\"https:\/\/www.tucomarca.com\/wordpress\/segunda\/wp-content\/uploads\/2023\/04\/LaPobladetenidos2.jpg 1920w, https:\/\/www.tucomarca.com\/wordpress\/segunda\/wp-content\/uploads\/2023\/04\/LaPobladetenidos2-300x169.jpg 300w, https:\/\/www.tucomarca.com\/wordpress\/segunda\/wp-content\/uploads\/2023\/04\/LaPobladetenidos2-1024x576.jpg 1024w, https:\/\/www.tucomarca.com\/wordpress\/segunda\/wp-content\/uploads\/2023\/04\/LaPobladetenidos2-768x432.jpg 768w, https:\/\/www.tucomarca.com\/wordpress\/segunda\/wp-content\/uploads\/2023\/04\/LaPobladetenidos2-1536x864.jpg 1536w, https:\/\/www.tucomarca.com\/wordpress\/segunda\/wp-content\/uploads\/2023\/04\/LaPobladetenidos2-678x381.jpg 678w\" sizes=\"auto, (max-width: 1920px) 100vw, 1920px\" \/><\/figure>\n<\/figure>\n","protected":false},"excerpt":{"rendered":"<div class=\"mh-excerpt\">La operaci\u00f3n comenz\u00f3 con la investigaci\u00f3n de varios posibles puntos de venta de droga en las localidades de La Pobla de Vallbona y Ll\u00edria. La Guardia Civil realiz\u00f3 5 registros domiciliarios en La Pobla de <a class=\"mh-excerpt-more\" href=\"https:\/\/www.tucomarca.com\/wordpress\/segunda\/veinticinco-detenidos-al-desarticular-una-red-criminal-que-transportaba-droga-desde-sudamerica-en-una-operacion-que-comenzo-en-la-pobla-de-vallbona-y-lliria\/\" title=\"Veinticinco detenidos al desarticular una red criminal que transportaba droga desde Sudam\u00e9rica en una operaci\u00f3n que comenz\u00f3 en La Pobla de Vallbona y Ll\u00edria\u00a0 \u00a0 \u00a0 \u00a0 \u00a0 \u00a0 \u00a0\">[+] <\/a><\/div>\n","protected":false},"author":1,"featured_media":184209,"comment_status":"open","ping_status":"open","sticky":false,"template":"","format":"gallery","meta":{"footnotes":""},"categories":[46,128,8,174,47,3,116,45],"tags":[10395,742,1335,33],"class_list":{"0":"post-184206","1":"post","2":"type-post","3":"status-publish","4":"format-gallery","5":"has-post-thumbnail","7":"category-camp-de-turia","8":"category-infraestructuras","9":"category-la-comarca","10":"category-la-pobla","11":"category-lliria","12":"category-seccion","13":"category-sucesos-la-comarca","14":"category-ventana","15":"tag-camp-de-turia","16":"tag-detenidos","17":"tag-la-pobla-de-vallbona","18":"tag-sucesos","19":"post_format-post-format-gallery"},"_links":{"self":[{"href":"https:\/\/www.tucomarca.com\/wordpress\/segunda\/wp-json\/wp\/v2\/posts\/184206","targetHints":{"allow":["GET"]}}],"collection":[{"href":"https:\/\/www.tucomarca.com\/wordpress\/segunda\/wp-json\/wp\/v2\/posts"}],"about":[{"href":"https:\/\/www.tucomarca.com\/wordpress\/segunda\/wp-json\/wp\/v2\/types\/post"}],"author":[{"embeddable":true,"href":"https:\/\/www.tucomarca.com\/wordpress\/segunda\/wp-json\/wp\/v2\/users\/1"}],"replies":[{"embeddable":true,"href":"https:\/\/www.tucomarca.com\/wordpress\/segunda\/wp-json\/wp\/v2\/comments?post=184206"}],"version-history":[{"count":0,"href":"https:\/\/www.tucomarca.com\/wordpress\/segunda\/wp-json\/wp\/v2\/posts\/184206\/revisions"}],"wp:featuredmedia":[{"embeddable":true,"href":"https:\/\/www.tucomarca.com\/wordpress\/segunda\/wp-json\/wp\/v2\/media\/184209"}],"wp:attachment":[{"href":"https:\/\/www.tucomarca.com\/wordpress\/segunda\/wp-json\/wp\/v2\/media?parent=184206"}],"wp:term":[{"taxonomy":"category","embeddable":true,"href":"https:\/\/www.tucomarca.com\/wordpress\/segunda\/wp-json\/wp\/v2\/categories?post=184206"},{"taxonomy":"post_tag","embeddable":true,"href":"https:\/\/www.tucomarca.com\/wordpress\/segunda\/wp-json\/wp\/v2\/tags?post=184206"}],"curies":[{"name":"wp","href":"https:\/\/api.w.org\/{rel}","templated":true}]}}