{"id":184355,"date":"2023-04-28T12:12:00","date_gmt":"2023-04-28T11:12:00","guid":{"rendered":"https:\/\/www.tucomarca.com\/wordpress\/segunda\/?p=184355"},"modified":"2023-04-28T19:47:37","modified_gmt":"2023-04-28T18:47:37","slug":"los-alumnos-del-colegio-asuncion-de-benaguasil-realizan-una-visita-didactica-y-practica-al-museo-etnologico-municipal","status":"publish","type":"post","link":"https:\/\/www.tucomarca.com\/wordpress\/segunda\/los-alumnos-del-colegio-asuncion-de-benaguasil-realizan-una-visita-didactica-y-practica-al-museo-etnologico-municipal\/","title":{"rendered":"Los alumnos del Colegio Asunci\u00f3n de Benaguasil realizan una visita did\u00e1ctica y pr\u00e1ctica al Museo Etnol\u00f3gico Municipal"},"content":{"rendered":"\n<h3 class=\"wp-block-heading\"><strong>Los estudiantes de primaria han conocido su municipio a trav\u00e9s del \u00e1rea de conocimiento del medio.\u00a0<\/strong><\/h3>\n\n\n\n<p>Los 42 estudiantes del primer curso de primaria del Colegio Asunci\u00f3n de\u00a0 Nuestra Se\u00f1ora de Benaguasil disfrutaron de una emocionante y educativa visita al Museo Etnol\u00f3gico Municipal junto a sus tutoras y el gu\u00eda, Miguel Bondia. Durante la visita, los alumnos tuvieron la oportunidad de experimentar y aprender m\u00e1s sobre la cultura y las tradicionales locales con el objetivo escolar \u2018Nuestro pueblo y el valor de los museos\u2019, establecido dentro del Proyecto Interdisciplinario del \u00c1rea de Conocimiento del Medio.\u00a0<\/p>\n\n\n\n<p>Durante todo el trimestre, los alumnos han trabajado en conocer su municipio a trav\u00e9s de un recorrido por el casco antiguo de la Vila de Benaguasil, y una visita did\u00e1ctica y pr\u00e1ctica al Museo Etnol\u00f3gico de Benaguasil.&nbsp;<\/p>\n\n\n\n<p>Los estudiantes tuvieron la oportunidad en conocer de primera mano la historia y la vida cotidiana de los habitantes, sus costumbres, vida agr\u00edcola y festividad, as\u00ed como la gran variedad de objetos y herramientas antiguas utilizadas por los habitantes de Benaguasil.&nbsp;<\/p>\n\n\n\n<p>La visita al Museo Etnol\u00f3gico de Benaguasil ha sido una experiencia educativa y enriquecedora para los estudiantes del colegio quienes han se\u00f1alado que volver\u00e1n con sus familiares para realizar una visita completa al museo.&nbsp;<\/p>\n\n\n\n<p>El alcalde de Benaguasil, Ximo Segarra ha se\u00f1alado que es una \u201coportunidad \u00fanica que los alumnos de primaria aprendan m\u00e1s sobre su municipio y su patrimonio cultural\u201d.<\/p>\n\n\n\n<figure class=\"wp-block-image size-large\"><img loading=\"lazy\" decoding=\"async\" width=\"1024\" height=\"768\" src=\"https:\/\/www.tucomarca.com\/wordpress\/segunda\/wp-content\/uploads\/2023\/04\/BenaguasilMuseo2-1024x768.jpg\" alt=\"\" class=\"wp-image-184358\" srcset=\"https:\/\/www.tucomarca.com\/wordpress\/segunda\/wp-content\/uploads\/2023\/04\/BenaguasilMuseo2-1024x768.jpg 1024w, https:\/\/www.tucomarca.com\/wordpress\/segunda\/wp-content\/uploads\/2023\/04\/BenaguasilMuseo2-300x225.jpg 300w, https:\/\/www.tucomarca.com\/wordpress\/segunda\/wp-content\/uploads\/2023\/04\/BenaguasilMuseo2-768x576.jpg 768w, https:\/\/www.tucomarca.com\/wordpress\/segunda\/wp-content\/uploads\/2023\/04\/BenaguasilMuseo2-1536x1152.jpg 1536w, https:\/\/www.tucomarca.com\/wordpress\/segunda\/wp-content\/uploads\/2023\/04\/BenaguasilMuseo2-678x509.jpg 678w, https:\/\/www.tucomarca.com\/wordpress\/segunda\/wp-content\/uploads\/2023\/04\/BenaguasilMuseo2-326x245.jpg 326w, https:\/\/www.tucomarca.com\/wordpress\/segunda\/wp-content\/uploads\/2023\/04\/BenaguasilMuseo2-80x60.jpg 80w, https:\/\/www.tucomarca.com\/wordpress\/segunda\/wp-content\/uploads\/2023\/04\/BenaguasilMuseo2.jpg 2048w\" sizes=\"auto, (max-width: 1024px) 100vw, 1024px\" \/><\/figure>\n","protected":false},"excerpt":{"rendered":"<div class=\"mh-excerpt\">Los estudiantes de primaria han conocido su municipio a trav\u00e9s del \u00e1rea de conocimiento del medio.\u00a0 Los 42 estudiantes del primer curso de primaria del Colegio Asunci\u00f3n de\u00a0 Nuestra Se\u00f1ora de Benaguasil disfrutaron de una <a class=\"mh-excerpt-more\" href=\"https:\/\/www.tucomarca.com\/wordpress\/segunda\/los-alumnos-del-colegio-asuncion-de-benaguasil-realizan-una-visita-didactica-y-practica-al-museo-etnologico-municipal\/\" title=\"Los alumnos del Colegio Asunci\u00f3n de Benaguasil realizan una visita did\u00e1ctica y pr\u00e1ctica al Museo Etnol\u00f3gico Municipal\">[+] <\/a><\/div>\n","protected":false},"author":1,"featured_media":184356,"comment_status":"open","ping_status":"open","sticky":false,"template":"","format":"image","meta":{"footnotes":""},"categories":[172,46,128,8,7,3],"tags":[10429,10395,1699],"class_list":{"0":"post-184355","1":"post","2":"type-post","3":"status-publish","4":"format-image","5":"has-post-thumbnail","7":"category-benaguasil","8":"category-camp-de-turia","9":"category-infraestructuras","10":"category-la-comarca","11":"category-ocio-y-cultura","12":"category-seccion","13":"tag-benaguasil","14":"tag-camp-de-turia","15":"tag-museo","16":"post_format-post-format-image"},"_links":{"self":[{"href":"https:\/\/www.tucomarca.com\/wordpress\/segunda\/wp-json\/wp\/v2\/posts\/184355","targetHints":{"allow":["GET"]}}],"collection":[{"href":"https:\/\/www.tucomarca.com\/wordpress\/segunda\/wp-json\/wp\/v2\/posts"}],"about":[{"href":"https:\/\/www.tucomarca.com\/wordpress\/segunda\/wp-json\/wp\/v2\/types\/post"}],"author":[{"embeddable":true,"href":"https:\/\/www.tucomarca.com\/wordpress\/segunda\/wp-json\/wp\/v2\/users\/1"}],"replies":[{"embeddable":true,"href":"https:\/\/www.tucomarca.com\/wordpress\/segunda\/wp-json\/wp\/v2\/comments?post=184355"}],"version-history":[{"count":0,"href":"https:\/\/www.tucomarca.com\/wordpress\/segunda\/wp-json\/wp\/v2\/posts\/184355\/revisions"}],"wp:featuredmedia":[{"embeddable":true,"href":"https:\/\/www.tucomarca.com\/wordpress\/segunda\/wp-json\/wp\/v2\/media\/184356"}],"wp:attachment":[{"href":"https:\/\/www.tucomarca.com\/wordpress\/segunda\/wp-json\/wp\/v2\/media?parent=184355"}],"wp:term":[{"taxonomy":"category","embeddable":true,"href":"https:\/\/www.tucomarca.com\/wordpress\/segunda\/wp-json\/wp\/v2\/categories?post=184355"},{"taxonomy":"post_tag","embeddable":true,"href":"https:\/\/www.tucomarca.com\/wordpress\/segunda\/wp-json\/wp\/v2\/tags?post=184355"}],"curies":[{"name":"wp","href":"https:\/\/api.w.org\/{rel}","templated":true}]}}