{"id":184626,"date":"2023-05-03T11:00:00","date_gmt":"2023-05-03T10:00:00","guid":{"rendered":"https:\/\/www.tucomarca.com\/wordpress\/segunda\/?p=184626"},"modified":"2023-05-03T21:06:09","modified_gmt":"2023-05-03T20:06:09","slug":"cheste-acoge-el-encuentro-comarcal-de-clubs-de-lectura-2023","status":"publish","type":"post","link":"https:\/\/www.tucomarca.com\/wordpress\/segunda\/cheste-acoge-el-encuentro-comarcal-de-clubs-de-lectura-2023\/","title":{"rendered":"Cheste acoge el encuentro comarcal de clubs de lectura 2023"},"content":{"rendered":"\n<p>Cheste ha sido la poblaci\u00f3n anfitriona del encuentro comarcal de clubs de lectura 2023, motivo por el cual desde la concejal\u00eda de Cultura se organizaron diferentes actividades el pasado s\u00e1bado 29 de abril.<\/p>\n\n\n\n<figure class=\"wp-block-image size-full\"><img loading=\"lazy\" decoding=\"async\" width=\"886\" height=\"591\" src=\"https:\/\/www.tucomarca.com\/wordpress\/segunda\/wp-content\/uploads\/2023\/05\/Cheste_clubslectura_9.jpg\" alt=\"\" class=\"wp-image-184640\" srcset=\"https:\/\/www.tucomarca.com\/wordpress\/segunda\/wp-content\/uploads\/2023\/05\/Cheste_clubslectura_9.jpg 886w, https:\/\/www.tucomarca.com\/wordpress\/segunda\/wp-content\/uploads\/2023\/05\/Cheste_clubslectura_9-300x200.jpg 300w, https:\/\/www.tucomarca.com\/wordpress\/segunda\/wp-content\/uploads\/2023\/05\/Cheste_clubslectura_9-768x512.jpg 768w\" sizes=\"auto, (max-width: 886px) 100vw, 886px\" \/><\/figure>\n\n\n\n<p>A las 11:00 tuvo lugar el acto de recepci\u00f3n de las personas participantes en el encuentro con una bienvenida por parte de la concejala M\u00aa \u00c1ngeles Llorente y una sesi\u00f3n de club de lectura a partir de la presentaci\u00f3n del libro <em>Nada que Perder<\/em>, a cargo de su autora, Susana Fortes, y Rosa Mar\u00edn, coordinadora de los clubs de lectura de la comarca. Adem\u00e1s, el acto estuvo amenizado por el D\u00fao Alma.<\/p>\n\n\n\n<p>Llorente agradeci\u00f3 la actuaci\u00f3n a las int\u00e9rpretes, dedic\u00f3 unas palabras a poner en valor la lectura y la escritura y ley\u00f3 a modo de homenaje una columna de Fortes publicada en el peri\u00f3dico El Pa\u00eds en 2010 bajo el t\u00edtulo <em>Una de H\u00e9roes<\/em>.<\/p>\n\n\n\n<p>\u201cEs un honor inaugurar este encuentro. La lectura nos ayuda a entender el presente y a poner en suspenso, como hoy aqu\u00ed, el orden cotidiano del mundo y la profundidad del tiempo; si adem\u00e1s particip\u00e1is en clubs de lectura, los beneficios se multiplican: se lee con m\u00e1s intenci\u00f3n, se fortalece la comprensi\u00f3n y se favorece el esp\u00edritu cr\u00edtico tan ausente en nuestros d\u00edas\u201d, manifestaba la concejala. \u201cDesde el Ayuntamiento os felicitamos a todas las personas que particip\u00e1is en los clubs de lectura, a las bibliotecarias que lo hac\u00e9is posible y a Rosa Mar\u00edn por la labor de coordinaci\u00f3n y programaci\u00f3n de actividades, enhorabuena por un trabajo indispensable. De manera especial le doy las gracias a Susana Fortes, es un privilegio tenerte hoy aqu\u00ed, como escritora y como persona\u201d.<\/p>\n\n\n\n<p>Tras la bienvenida, Rosa Mar\u00edn hizo una presentaci\u00f3n de Susana Fortes y su obra <em>Nada que perder<\/em>, para dar paso a la intervenci\u00f3n de la autora, que explic\u00f3 sus fuentes de inspiraci\u00f3n, sus motivaciones para escribir y cont\u00f3 algunas an\u00e9cdotas surgidas en el proceso de escritura de su obra literaria, antes de abrir el club de lectura al p\u00fablico y responder a las preguntas de las lectoras y los lectores, estableciendo un intenso di\u00e1logo.<\/p>\n\n\n\n<p>El encuentro prosigui\u00f3 con una comida de hermandad en el restaurante Ateneo La Alianza y un recorrido por el museo de arte urbano de Cheste a cargo del artista Xemayo.<\/p>\n\n\n\n<p><strong>Teatro de calle<\/strong><\/p>\n\n\n\n<p>Por la tarde, la plaza Doctor Cajal fue el escenario de una pieza itinerante de teatro f\u00edsico y movimiento titulada <em>Maletas de Tierra<\/em>, de la compa\u00f1\u00eda valenciana Visitants, merecedora del Premio de las artes esc\u00e9nicas valencianas en 2020 al Mejor espect\u00e1culo de artes de calle. En la obra se hizo un recorrido por la historia de cinco mujeres desde la II Rep\u00fablica, La Guerra Civil y las Posguerra mediante escenas inspiradas en acontecimientos hist\u00f3ricos que conectaban aquella \u00e9poca con la actualidad.&nbsp;<\/p>\n\n\n\n<figure class=\"wp-block-image size-full\"><img loading=\"lazy\" decoding=\"async\" width=\"886\" height=\"591\" src=\"https:\/\/www.tucomarca.com\/wordpress\/segunda\/wp-content\/uploads\/2023\/05\/Cheste_clubslectura_4.jpg\" alt=\"\" class=\"wp-image-184642\" srcset=\"https:\/\/www.tucomarca.com\/wordpress\/segunda\/wp-content\/uploads\/2023\/05\/Cheste_clubslectura_4.jpg 886w, https:\/\/www.tucomarca.com\/wordpress\/segunda\/wp-content\/uploads\/2023\/05\/Cheste_clubslectura_4-300x200.jpg 300w, https:\/\/www.tucomarca.com\/wordpress\/segunda\/wp-content\/uploads\/2023\/05\/Cheste_clubslectura_4-768x512.jpg 768w\" sizes=\"auto, (max-width: 886px) 100vw, 886px\" \/><\/figure>\n","protected":false},"excerpt":{"rendered":"<div class=\"mh-excerpt\">Cheste ha sido la poblaci\u00f3n anfitriona del encuentro comarcal de clubs de lectura 2023, motivo por el cual desde la concejal\u00eda de Cultura se organizaron diferentes actividades el pasado s\u00e1bado 29 de abril. A las <a class=\"mh-excerpt-more\" href=\"https:\/\/www.tucomarca.com\/wordpress\/segunda\/cheste-acoge-el-encuentro-comarcal-de-clubs-de-lectura-2023\/\" title=\"Cheste acoge el encuentro comarcal de clubs de lectura 2023\">[+] <\/a><\/div>\n","protected":false},"author":12,"featured_media":184638,"comment_status":"open","ping_status":"open","sticky":false,"template":"","format":"gallery","meta":{"footnotes":""},"categories":[17,8,10,7,3],"tags":[339,19139,5952],"class_list":{"0":"post-184626","1":"post","2":"type-post","3":"status-publish","4":"format-gallery","5":"has-post-thumbnail","7":"category-cheste","8":"category-la-comarca","9":"category-la-hoya","10":"category-ocio-y-cultura","11":"category-seccion","12":"tag-cheste-2","13":"tag-clubs-de-lectura","14":"tag-la-hoya-de-bunol-chiva","15":"post_format-post-format-gallery"},"_links":{"self":[{"href":"https:\/\/www.tucomarca.com\/wordpress\/segunda\/wp-json\/wp\/v2\/posts\/184626","targetHints":{"allow":["GET"]}}],"collection":[{"href":"https:\/\/www.tucomarca.com\/wordpress\/segunda\/wp-json\/wp\/v2\/posts"}],"about":[{"href":"https:\/\/www.tucomarca.com\/wordpress\/segunda\/wp-json\/wp\/v2\/types\/post"}],"author":[{"embeddable":true,"href":"https:\/\/www.tucomarca.com\/wordpress\/segunda\/wp-json\/wp\/v2\/users\/12"}],"replies":[{"embeddable":true,"href":"https:\/\/www.tucomarca.com\/wordpress\/segunda\/wp-json\/wp\/v2\/comments?post=184626"}],"version-history":[{"count":0,"href":"https:\/\/www.tucomarca.com\/wordpress\/segunda\/wp-json\/wp\/v2\/posts\/184626\/revisions"}],"wp:featuredmedia":[{"embeddable":true,"href":"https:\/\/www.tucomarca.com\/wordpress\/segunda\/wp-json\/wp\/v2\/media\/184638"}],"wp:attachment":[{"href":"https:\/\/www.tucomarca.com\/wordpress\/segunda\/wp-json\/wp\/v2\/media?parent=184626"}],"wp:term":[{"taxonomy":"category","embeddable":true,"href":"https:\/\/www.tucomarca.com\/wordpress\/segunda\/wp-json\/wp\/v2\/categories?post=184626"},{"taxonomy":"post_tag","embeddable":true,"href":"https:\/\/www.tucomarca.com\/wordpress\/segunda\/wp-json\/wp\/v2\/tags?post=184626"}],"curies":[{"name":"wp","href":"https:\/\/api.w.org\/{rel}","templated":true}]}}