{"id":1848,"date":"2012-05-17T16:40:10","date_gmt":"2012-05-17T15:40:10","guid":{"rendered":"http:\/\/www.tucomarca.com\/wordpress\/segunda\/?p=1848"},"modified":"2012-05-18T00:37:02","modified_gmt":"2012-05-17T23:37:02","slug":"la-diputacion-concede-237-011-euros-para-atender-los-servicios-sociales-del-rincon-de-ademuz","status":"publish","type":"post","link":"https:\/\/www.tucomarca.com\/wordpress\/segunda\/la-diputacion-concede-237-011-euros-para-atender-los-servicios-sociales-del-rincon-de-ademuz\/","title":{"rendered":"La Diputaci\u00f3n concede 237.011 euros para atender los servicios sociales del Rinc\u00f3n de Ademuz"},"content":{"rendered":"<p>La Diputaci\u00f3n de Valencia ha aprobado para este a\u00f1o la concesi\u00f3n de 3.427.369 euros destinados a programas de Bienestar Social, que revertir\u00e1n en beneficio de los servicios sociales de cerca de 200 municipios de Valencia. Los municipios de la comarca del Rinc\u00f3n de Ademuz que percibir\u00e1n 29.160 euros para cubrir los servicios sociales est\u00e1n agrupados en una mancomunidad compuesta por Ademuz, Casas Altas, Casas Bajas, Castielfabib, La Puebla de San Miguel, Torrebaja y Vallanca.<\/p>\n<p>Para 2012 se ha dotado esta partida teniendo en cuenta que \u00abhab\u00eda que destinar todos los recursos necesarios a las cuestiones m\u00e1s importantes en estos momentos de crisis. Por ello hemos recortado de otras partidas para que no falte la ayuda en servicios sociales en ning\u00fan ayuntamiento\u00bb, seg\u00fan ha manifestado Amparo Mora.<\/p>\n<p>500.000 ciudadanos atendidos<\/p>\n<p>La Diputaci\u00f3n de Valencia colabora con las entidades locales en la implantaci\u00f3n y el desarrollo del sistema p\u00fablico de los Servicios Sociales Generales para favorecer el bienestar social de la poblaci\u00f3n. Mediante la asistencia y cooperaci\u00f3n t\u00e9cnica y econ\u00f3mica, especialmente en los municipios, la instituci\u00f3n provincial llega a asistir a cerca de 500.000 ciudadanos valencianos. La dotaci\u00f3n presupuestaria asignada se ha distribuido entre los distintos programas que constituyen el sistema de Prestaciones B\u00e1sicas de Servicios Sociales, destinando a los ayuntamientos y agrupaciones, y que se reparten en ayudas para el pago de salarios y seguridad social de los profesionales de los equipos sociales de base, ayudas para el mantenimiento de centros sociales y ayudas para programas de prestaciones b\u00e1sicas, que comprenden: programas de informaci\u00f3n, asesoramiento y orientaci\u00f3n, programas de emergencia social, programas de ayuda a domicilio, clubs de convivencia, programas de cooperaci\u00f3n social y programas de intervenci\u00f3n para la prevenci\u00f3n e inserci\u00f3n social.<\/p>\n<p>&nbsp;<\/p>\n","protected":false},"excerpt":{"rendered":"<div class=\"mh-excerpt\">La Diputaci\u00f3n de Valencia ha aprobado para este a\u00f1o la concesi\u00f3n de 3.427.369 euros destinados a programas de Bienestar Social, que revertir\u00e1n en beneficio de los servicios sociales de cerca de 200 municipios de Valencia. <a class=\"mh-excerpt-more\" href=\"https:\/\/www.tucomarca.com\/wordpress\/segunda\/la-diputacion-concede-237-011-euros-para-atender-los-servicios-sociales-del-rincon-de-ademuz\/\" title=\"La Diputaci\u00f3n concede 237.011 euros para atender los servicios sociales del Rinc\u00f3n de Ademuz\">[+] <\/a><\/div>\n","protected":false},"author":2,"featured_media":0,"comment_status":"open","ping_status":"open","sticky":false,"template":"","format":"standard","meta":{"footnotes":""},"categories":[49,8,3],"tags":[204],"class_list":{"0":"post-1848","1":"post","2":"type-post","3":"status-publish","4":"format-standard","6":"category-ademuz","7":"category-la-comarca","8":"category-seccion","9":"tag-diputacion"},"_links":{"self":[{"href":"https:\/\/www.tucomarca.com\/wordpress\/segunda\/wp-json\/wp\/v2\/posts\/1848","targetHints":{"allow":["GET"]}}],"collection":[{"href":"https:\/\/www.tucomarca.com\/wordpress\/segunda\/wp-json\/wp\/v2\/posts"}],"about":[{"href":"https:\/\/www.tucomarca.com\/wordpress\/segunda\/wp-json\/wp\/v2\/types\/post"}],"author":[{"embeddable":true,"href":"https:\/\/www.tucomarca.com\/wordpress\/segunda\/wp-json\/wp\/v2\/users\/2"}],"replies":[{"embeddable":true,"href":"https:\/\/www.tucomarca.com\/wordpress\/segunda\/wp-json\/wp\/v2\/comments?post=1848"}],"version-history":[{"count":0,"href":"https:\/\/www.tucomarca.com\/wordpress\/segunda\/wp-json\/wp\/v2\/posts\/1848\/revisions"}],"wp:attachment":[{"href":"https:\/\/www.tucomarca.com\/wordpress\/segunda\/wp-json\/wp\/v2\/media?parent=1848"}],"wp:term":[{"taxonomy":"category","embeddable":true,"href":"https:\/\/www.tucomarca.com\/wordpress\/segunda\/wp-json\/wp\/v2\/categories?post=1848"},{"taxonomy":"post_tag","embeddable":true,"href":"https:\/\/www.tucomarca.com\/wordpress\/segunda\/wp-json\/wp\/v2\/tags?post=1848"}],"curies":[{"name":"wp","href":"https:\/\/api.w.org\/{rel}","templated":true}]}}