{"id":184955,"date":"2023-05-08T10:00:00","date_gmt":"2023-05-08T09:00:00","guid":{"rendered":"https:\/\/www.tucomarca.com\/wordpress\/segunda\/?p=184955"},"modified":"2023-05-08T20:20:52","modified_gmt":"2023-05-08T19:20:52","slug":"las-tormentas-de-mayo-inician-su-actividad-en-venta-del-moro","status":"publish","type":"post","link":"https:\/\/www.tucomarca.com\/wordpress\/segunda\/las-tormentas-de-mayo-inician-su-actividad-en-venta-del-moro\/","title":{"rendered":"Las tormentas de mayo inician su actividad en Venta del Moro"},"content":{"rendered":"\n<p>A \u00faltima hora de la tarde&nbsp; y primeras horas de la noche del pasado s\u00e1bado, se registr\u00f3 actividad tormentosa en el municipio de Venta del Moro, que afect\u00f3 con m\u00e1s intensidad en su parte occidental. Se recogieron 19,5 litros por metro cuadrado de agua de lluvia en Venta del Moro; 8,6 en Casas de Moya y 5 en los Marcos.<\/p>\n\n\n\n<p>En la tarde del domingo la actividad tormentosa se centr\u00f3 en el norte y en el este de la comarca, donde dej\u00f3 precipitaciones d\u00e9biles. La cantidad de agua de lluvia m\u00e1s destacada se recogi\u00f3 en la pedan\u00eda de El Rebollar; pero tan s\u00f3lo de 1.4 litros por metro cuadrado, seg\u00fan la Asociaci\u00f3n Valenciana de Meteorolog\u00eda (AVAMET).<\/p>\n\n\n\n<p>Se trata de las mayores cantidades recogidas en los \u00faltimos cuatro meses; pero son tan peque\u00f1as que la humedad que han proporcionado durar\u00e1 escasas horas. Informa, <strong>Luis Ib\u00e1\u00f1ez<\/strong>.<\/p>\n","protected":false},"excerpt":{"rendered":"<div class=\"mh-excerpt\">A \u00faltima hora de la tarde&nbsp; y primeras horas de la noche del pasado s\u00e1bado, se registr\u00f3 actividad tormentosa en el municipio de Venta del Moro, que afect\u00f3 con m\u00e1s intensidad en su parte occidental. <a class=\"mh-excerpt-more\" href=\"https:\/\/www.tucomarca.com\/wordpress\/segunda\/las-tormentas-de-mayo-inician-su-actividad-en-venta-del-moro\/\" title=\"Las tormentas de mayo inician su actividad en Venta del Moro\">[+] <\/a><\/div>\n","protected":false},"author":1,"featured_media":184958,"comment_status":"open","ping_status":"open","sticky":false,"template":"","format":"standard","meta":{"footnotes":""},"categories":[128,8,72,117,27,3,234,45],"tags":[10387],"class_list":{"0":"post-184955","1":"post","2":"type-post","3":"status-publish","4":"format-standard","5":"has-post-thumbnail","7":"category-infraestructuras","8":"category-la-comarca","9":"category-sin-categorizar","10":"category-medio-ambiente-la-comarca","11":"category-requena-utiel","12":"category-seccion","13":"category-venta-del-moro","14":"category-ventana","15":"tag-requena-utiel"},"_links":{"self":[{"href":"https:\/\/www.tucomarca.com\/wordpress\/segunda\/wp-json\/wp\/v2\/posts\/184955","targetHints":{"allow":["GET"]}}],"collection":[{"href":"https:\/\/www.tucomarca.com\/wordpress\/segunda\/wp-json\/wp\/v2\/posts"}],"about":[{"href":"https:\/\/www.tucomarca.com\/wordpress\/segunda\/wp-json\/wp\/v2\/types\/post"}],"author":[{"embeddable":true,"href":"https:\/\/www.tucomarca.com\/wordpress\/segunda\/wp-json\/wp\/v2\/users\/1"}],"replies":[{"embeddable":true,"href":"https:\/\/www.tucomarca.com\/wordpress\/segunda\/wp-json\/wp\/v2\/comments?post=184955"}],"version-history":[{"count":0,"href":"https:\/\/www.tucomarca.com\/wordpress\/segunda\/wp-json\/wp\/v2\/posts\/184955\/revisions"}],"wp:featuredmedia":[{"embeddable":true,"href":"https:\/\/www.tucomarca.com\/wordpress\/segunda\/wp-json\/wp\/v2\/media\/184958"}],"wp:attachment":[{"href":"https:\/\/www.tucomarca.com\/wordpress\/segunda\/wp-json\/wp\/v2\/media?parent=184955"}],"wp:term":[{"taxonomy":"category","embeddable":true,"href":"https:\/\/www.tucomarca.com\/wordpress\/segunda\/wp-json\/wp\/v2\/categories?post=184955"},{"taxonomy":"post_tag","embeddable":true,"href":"https:\/\/www.tucomarca.com\/wordpress\/segunda\/wp-json\/wp\/v2\/tags?post=184955"}],"curies":[{"name":"wp","href":"https:\/\/api.w.org\/{rel}","templated":true}]}}