{"id":1851,"date":"2012-05-17T16:51:38","date_gmt":"2012-05-17T15:51:38","guid":{"rendered":"http:\/\/www.tucomarca.com\/wordpress\/segunda\/?p=1851"},"modified":"2012-05-17T16:51:38","modified_gmt":"2012-05-17T15:51:38","slug":"la-canal-de-navarres-contara-con-40-estudiantes-de-la-dipu-te-beca","status":"publish","type":"post","link":"https:\/\/www.tucomarca.com\/wordpress\/segunda\/la-canal-de-navarres-contara-con-40-estudiantes-de-la-dipu-te-beca\/","title":{"rendered":"La Canal de Navarr\u00e9s contar\u00e1 con 40 estudiantes de &#8216;La Dipu te beca&#8217;"},"content":{"rendered":"<p><a name=\"inicio\">Anna, Bicorp, Bolbaite, Chella,  Enguera, Millares, Navarr\u00e9s y Quesa contar\u00e1n este verano con 40  estudiantes para hacer pr\u00e1cticas en los ayuntamientos a trav\u00e9s del  programa &#8216;La Dipu te beca&#8217;.<br \/>\nSe trata de un proyecto que, por cuarto a\u00f1o consecutivo, ofrece la  posibilidad de que los mayores de 18 a\u00f1os puedan realizar pr\u00e1cticas en  los ayuntamientos durante los meses de julio y agosto.<br \/>\nTodas las poblaciones de La Canal de Navarr\u00e9s participan en este  programa de ayudas a la formaci\u00f3n de la Diputaci\u00f3n de Valencia que se ha  puesto en marcha este a\u00f1o con una dotaci\u00f3n presupuestaria de 2.898.485  euros.<br \/>\nEl n\u00famero de becas para este a\u00f1o, en el caso de la Costera, es de  44. Los becados tendr\u00e1n que realizar un m\u00ednimo de 20 horas semanales y  percibir\u00e1n un total de 500 euros mensuales, de los cuales la corporaci\u00f3n  provincial subvenciona 400 euros y los 100 restantes los asumir\u00e1n los  consistorios.<br \/>\nToda la informaci\u00f3n sobre los requisitos y los tr\u00e1mites necesarios  est\u00e1 publicada desde el pasado 25 de abril en el Bolet\u00edn Oficial de la  Provincia (BOP).<br \/>\nEs oportuno destacar que a la hora de convocar y otorgar las pr\u00e1cticas  formativas se tendr\u00e1 en cuenta la situaci\u00f3n socio-econ\u00f3mica de los  estudiantes y se valorar\u00e1 con car\u00e1cter preferente aquellos casos, en los  que el solicitante acredite situaci\u00f3n de discapacidad, as\u00ed como el  hecho de no haber disfrutado de ninguna beca en el marco de este  programa en las ediciones anteriores. El plazo de solicitud finalizar\u00e1  el 25 de mayo.<br \/>\n<\/a><\/p>\n","protected":false},"excerpt":{"rendered":"<div class=\"mh-excerpt\">Anna, Bicorp, Bolbaite, Chella, Enguera, Millares, Navarr\u00e9s y Quesa contar\u00e1n este verano con 40 estudiantes para hacer pr\u00e1cticas en los ayuntamientos a trav\u00e9s del programa &#8216;La Dipu te beca&#8217;. Se trata de un proyecto que, <a class=\"mh-excerpt-more\" href=\"https:\/\/www.tucomarca.com\/wordpress\/segunda\/la-canal-de-navarres-contara-con-40-estudiantes-de-la-dipu-te-beca\/\" title=\"La Canal de Navarr\u00e9s contar\u00e1 con 40 estudiantes de &#8216;La Dipu te beca&#8217;\">[+] <\/a><\/div>\n","protected":false},"author":2,"featured_media":0,"comment_status":"open","ping_status":"open","sticky":false,"template":"","format":"standard","meta":{"footnotes":""},"categories":[78,79,70,71,164,3],"tags":[205],"class_list":{"0":"post-1851","1":"post","2":"type-post","3":"status-publish","4":"format-standard","6":"category-anna","7":"category-enguera","8":"category-la-canal-de-navarres","9":"category-millares","10":"category-quesa","11":"category-seccion","12":"tag-becas"},"_links":{"self":[{"href":"https:\/\/www.tucomarca.com\/wordpress\/segunda\/wp-json\/wp\/v2\/posts\/1851","targetHints":{"allow":["GET"]}}],"collection":[{"href":"https:\/\/www.tucomarca.com\/wordpress\/segunda\/wp-json\/wp\/v2\/posts"}],"about":[{"href":"https:\/\/www.tucomarca.com\/wordpress\/segunda\/wp-json\/wp\/v2\/types\/post"}],"author":[{"embeddable":true,"href":"https:\/\/www.tucomarca.com\/wordpress\/segunda\/wp-json\/wp\/v2\/users\/2"}],"replies":[{"embeddable":true,"href":"https:\/\/www.tucomarca.com\/wordpress\/segunda\/wp-json\/wp\/v2\/comments?post=1851"}],"version-history":[{"count":0,"href":"https:\/\/www.tucomarca.com\/wordpress\/segunda\/wp-json\/wp\/v2\/posts\/1851\/revisions"}],"wp:attachment":[{"href":"https:\/\/www.tucomarca.com\/wordpress\/segunda\/wp-json\/wp\/v2\/media?parent=1851"}],"wp:term":[{"taxonomy":"category","embeddable":true,"href":"https:\/\/www.tucomarca.com\/wordpress\/segunda\/wp-json\/wp\/v2\/categories?post=1851"},{"taxonomy":"post_tag","embeddable":true,"href":"https:\/\/www.tucomarca.com\/wordpress\/segunda\/wp-json\/wp\/v2\/tags?post=1851"}],"curies":[{"name":"wp","href":"https:\/\/api.w.org\/{rel}","templated":true}]}}