{"id":185192,"date":"2023-05-10T08:56:00","date_gmt":"2023-05-10T07:56:00","guid":{"rendered":"https:\/\/www.tucomarca.com\/wordpress\/segunda\/?p=185192"},"modified":"2023-05-10T20:29:27","modified_gmt":"2023-05-10T19:29:27","slug":"180-personas-acuden-al-punto-de-sensibilizacion-sobre-consumo-de-alcohol-y-drogas-en-las-paellas-de-abril-de-cheste","status":"publish","type":"post","link":"https:\/\/www.tucomarca.com\/wordpress\/segunda\/180-personas-acuden-al-punto-de-sensibilizacion-sobre-consumo-de-alcohol-y-drogas-en-las-paellas-de-abril-de-cheste\/","title":{"rendered":"180 personas acuden al punto de sensibilizaci\u00f3n sobre consumo de alcohol y drogas en las paellas de abril de Cheste"},"content":{"rendered":"\n<p>Durante la pasada Fiesta de Las Paellas, celebrada el 22 de abril, alrededor de 180 personas se acercaron al punto JOTRIE: Consume con responsabilidad, desde las 18:00 hasta las 00:00, y participaron en 6 juegos l\u00fadico-preventivos que tuvieron como objetivo la reducci\u00f3n de riesgos derivados del consumo del alcohol y otras drogas y de las conductas sexistas.<\/p>\n\n\n\n<p>En la carpa hubo mediadores y las mediadoras que atendieron a la gente joven que lo necesit\u00f3, proporcionando informaci\u00f3n, agua y un lugar de descanso. Adem\u00e1s, los y las profesionales responsables de la coordinaci\u00f3n del punto se desplazaron a los lugares de m\u00e1xima afluencia para detectar situaciones de riesgo y estuvieron en contacto con la Polic\u00eda Local y los establecimientos de venta de alcohol para que remitieran a la carpa a la poblaci\u00f3n joven que lo necesitara. Tras la finalizaci\u00f3n de esta acci\u00f3n, el equipo desarrollador ha valorado la interacci\u00f3n con la poblaci\u00f3n como adecuada y productiva y han podido saber m\u00e1s en profundidad cu\u00e1les son las informaciones m\u00e1s necesarias de cada grupo de edad en materia de reducci\u00f3n de riesgos para futuras actividades.<\/p>\n\n\n\n<p>Esta iniciativa se enmarca dentro de la campa\u00f1a JOTRIE puesta en marcha desde la Concejal\u00eda de Sanidad y su Unidad de Prevenci\u00f3n de Conductas Comunitarias Adictivas (UPCCA) de Cheste y tambi\u00e9n ha contado con dos sesiones formativas y de sensibilizaci\u00f3n para el alumnado de FP B\u00e1sica del Ies Ricardo Mar\u00edn, en las que elabor\u00f3 un dec\u00e1logo para un consumo responsable que fue colocado en bares, comercios y otros puntos estrat\u00e9gicos antes de la celebraci\u00f3n de la fiesta.<\/p>\n\n\n\n<figure class=\"wp-block-gallery has-nested-images columns-2 is-cropped wp-block-gallery-1 is-layout-flex wp-block-gallery-is-layout-flex\">\n<figure class=\"wp-block-image size-large\"><img loading=\"lazy\" decoding=\"async\" width=\"886\" height=\"525\" data-id=\"185194\" src=\"https:\/\/www.tucomarca.com\/wordpress\/segunda\/wp-content\/uploads\/2023\/05\/UPCCAChestePaellas3.jpg\" alt=\"\" class=\"wp-image-185194\" srcset=\"https:\/\/www.tucomarca.com\/wordpress\/segunda\/wp-content\/uploads\/2023\/05\/UPCCAChestePaellas3.jpg 886w, https:\/\/www.tucomarca.com\/wordpress\/segunda\/wp-content\/uploads\/2023\/05\/UPCCAChestePaellas3-300x178.jpg 300w, https:\/\/www.tucomarca.com\/wordpress\/segunda\/wp-content\/uploads\/2023\/05\/UPCCAChestePaellas3-768x455.jpg 768w\" sizes=\"auto, (max-width: 886px) 100vw, 886px\" \/><\/figure>\n\n\n\n<figure class=\"wp-block-image size-large\"><img loading=\"lazy\" decoding=\"async\" width=\"886\" height=\"591\" data-id=\"185196\" src=\"https:\/\/www.tucomarca.com\/wordpress\/segunda\/wp-content\/uploads\/2023\/05\/UPCCAChestePaellas4.jpg\" alt=\"\" class=\"wp-image-185196\" srcset=\"https:\/\/www.tucomarca.com\/wordpress\/segunda\/wp-content\/uploads\/2023\/05\/UPCCAChestePaellas4.jpg 886w, https:\/\/www.tucomarca.com\/wordpress\/segunda\/wp-content\/uploads\/2023\/05\/UPCCAChestePaellas4-300x200.jpg 300w, https:\/\/www.tucomarca.com\/wordpress\/segunda\/wp-content\/uploads\/2023\/05\/UPCCAChestePaellas4-768x512.jpg 768w\" sizes=\"auto, (max-width: 886px) 100vw, 886px\" \/><\/figure>\n\n\n\n<figure class=\"wp-block-image size-large\"><img loading=\"lazy\" decoding=\"async\" width=\"886\" height=\"591\" data-id=\"185200\" src=\"https:\/\/www.tucomarca.com\/wordpress\/segunda\/wp-content\/uploads\/2023\/05\/UPCCAChestePaellas2.jpg\" alt=\"\" class=\"wp-image-185200\" srcset=\"https:\/\/www.tucomarca.com\/wordpress\/segunda\/wp-content\/uploads\/2023\/05\/UPCCAChestePaellas2.jpg 886w, https:\/\/www.tucomarca.com\/wordpress\/segunda\/wp-content\/uploads\/2023\/05\/UPCCAChestePaellas2-300x200.jpg 300w, https:\/\/www.tucomarca.com\/wordpress\/segunda\/wp-content\/uploads\/2023\/05\/UPCCAChestePaellas2-768x512.jpg 768w\" sizes=\"auto, (max-width: 886px) 100vw, 886px\" \/><\/figure>\n<\/figure>\n","protected":false},"excerpt":{"rendered":"<div class=\"mh-excerpt\">Durante la pasada Fiesta de Las Paellas, celebrada el 22 de abril, alrededor de 180 personas se acercaron al punto JOTRIE: Consume con responsabilidad, desde las 18:00 hasta las 00:00, y participaron en 6 juegos <a class=\"mh-excerpt-more\" href=\"https:\/\/www.tucomarca.com\/wordpress\/segunda\/180-personas-acuden-al-punto-de-sensibilizacion-sobre-consumo-de-alcohol-y-drogas-en-las-paellas-de-abril-de-cheste\/\" title=\"180 personas acuden al punto de sensibilizaci\u00f3n sobre consumo de alcohol y drogas en las paellas de abril de Cheste\">[+] <\/a><\/div>\n","protected":false},"author":12,"featured_media":185198,"comment_status":"open","ping_status":"open","sticky":false,"template":"","format":"gallery","meta":{"footnotes":""},"categories":[119,17,8,10,7,3],"tags":[339,19179,5952,12956],"class_list":{"0":"post-185192","1":"post","2":"type-post","3":"status-publish","4":"format-gallery","5":"has-post-thumbnail","7":"category-sanidad-la-comarca","8":"category-cheste","9":"category-la-comarca","10":"category-la-hoya","11":"category-ocio-y-cultura","12":"category-seccion","13":"tag-cheste-2","14":"tag-jotrie","15":"tag-la-hoya-de-bunol-chiva","16":"tag-upcca-cheste","17":"post_format-post-format-gallery"},"_links":{"self":[{"href":"https:\/\/www.tucomarca.com\/wordpress\/segunda\/wp-json\/wp\/v2\/posts\/185192","targetHints":{"allow":["GET"]}}],"collection":[{"href":"https:\/\/www.tucomarca.com\/wordpress\/segunda\/wp-json\/wp\/v2\/posts"}],"about":[{"href":"https:\/\/www.tucomarca.com\/wordpress\/segunda\/wp-json\/wp\/v2\/types\/post"}],"author":[{"embeddable":true,"href":"https:\/\/www.tucomarca.com\/wordpress\/segunda\/wp-json\/wp\/v2\/users\/12"}],"replies":[{"embeddable":true,"href":"https:\/\/www.tucomarca.com\/wordpress\/segunda\/wp-json\/wp\/v2\/comments?post=185192"}],"version-history":[{"count":0,"href":"https:\/\/www.tucomarca.com\/wordpress\/segunda\/wp-json\/wp\/v2\/posts\/185192\/revisions"}],"wp:featuredmedia":[{"embeddable":true,"href":"https:\/\/www.tucomarca.com\/wordpress\/segunda\/wp-json\/wp\/v2\/media\/185198"}],"wp:attachment":[{"href":"https:\/\/www.tucomarca.com\/wordpress\/segunda\/wp-json\/wp\/v2\/media?parent=185192"}],"wp:term":[{"taxonomy":"category","embeddable":true,"href":"https:\/\/www.tucomarca.com\/wordpress\/segunda\/wp-json\/wp\/v2\/categories?post=185192"},{"taxonomy":"post_tag","embeddable":true,"href":"https:\/\/www.tucomarca.com\/wordpress\/segunda\/wp-json\/wp\/v2\/tags?post=185192"}],"curies":[{"name":"wp","href":"https:\/\/api.w.org\/{rel}","templated":true}]}}