{"id":185226,"date":"2023-05-10T12:00:00","date_gmt":"2023-05-10T11:00:00","guid":{"rendered":"https:\/\/www.tucomarca.com\/wordpress\/segunda\/?p=185226"},"modified":"2023-05-10T20:47:38","modified_gmt":"2023-05-10T19:47:38","slug":"nuevo-reves-judicial-a-millorem-y-al-bloque-de-izquierdas-en-benaguasil","status":"publish","type":"post","link":"https:\/\/www.tucomarca.com\/wordpress\/segunda\/nuevo-reves-judicial-a-millorem-y-al-bloque-de-izquierdas-en-benaguasil\/","title":{"rendered":"Nuevo rev\u00e9s judicial a Millorem y al bloque de izquierdas en Benaguasil"},"content":{"rendered":"\n<h3 class=\"wp-block-heading\"><strong>La desestimaci\u00f3n del recurso conlleva la imposici\u00f3n a Vicente Valls del pago de las costas.&nbsp;<\/strong><\/h3>\n\n\n\n<p>La secci\u00f3n 5\u00aa de la Audiencia Provincial de Valencia ha desestimado el recurso de apelaci\u00f3n que Vicente Valls, Millorem Benaguasil, interpuso en su d\u00eda contra el Ayuntamiento por retrasar el toque de queda durante la pandemia.<\/p>\n\n\n\n<p>El auto&nbsp;no s\u00f3lo condena en costas a Valls sino querecoge que \u201cno se aporta indicio alguno m\u00e1s all\u00e1 de las meras valoraciones del querellante sobre las supuestas irregularidades\u201d.&nbsp;<\/p>\n\n\n\n<p>Asimismo la Audiencia considera que \u201cqueda desmontada la posible existencia de un delito de falsedad. Pero yendo m\u00e1s all\u00e1. No consigue atisbar la Sala cu\u00e1l pudiera ser el bien jur\u00eddico perturbado con los hechos objeto de denuncia\u201d.<\/p>\n\n\n\n<p>Esta resoluci\u00f3n junto con un amplio reguero de resoluciones jurisdiccionales dadas en los \u00faltimos meses, en las que han sido denegadas todas las demandas, querellas y denuncias al equipo de gobierno municipal, suponen que toda la base de los partidos de izquierdas se ha estrellado en lo que hasta ahora era la \u00fanica baza jugada. \u201cNo les ha servido de nada y los deja ante un evidente desconcierto. Cuatro a\u00f1os de ir a Tribunales para que al final no les de la raz\u00f3n nadie y en ninguna instancia, dice mucho de la d\u00e9bil l\u00ednea de trabajo, jug\u00e1ndoselo todo a esta baza y perdiendo todo han conseguido el resultado de no hacer nada por el pueblo y sacar a la luz que ninguna de las actuaciones del gobierno municipal fuera puesta en entredicho. Y es que han judicializado la pol\u00edtica y no les ha salido nada bien, al final la imagen es la de un equipo de gobierno que ha actuado correctamente pese a sus continuas visitas a los juzgados\u201d.<\/p>\n\n\n\n<p>El equipo de gobierno ha mostrado su satisfacci\u00f3n por la decisi\u00f3n judicial y ha incidido en que \u201csi el bloque de izquierdas quisiera gobernar de verdad, en vez de acudir a los juzgados deber\u00eda ir a las Consellerias a pedir para Benaguasil porque si como ellos dicen lo m\u00e1s importante son los intereses del municipio, no lo han hecho y han ido a retrasar la gesti\u00f3n municipal, con lo que se han encontrado con que ninguna de sus demandas ha prosperado\u201d.<\/p>\n\n\n\n<p><\/p>\n","protected":false},"excerpt":{"rendered":"<div class=\"mh-excerpt\">La desestimaci\u00f3n del recurso conlleva la imposici\u00f3n a Vicente Valls del pago de las costas.&nbsp; La secci\u00f3n 5\u00aa de la Audiencia Provincial de Valencia ha desestimado el recurso de apelaci\u00f3n que Vicente Valls, Millorem Benaguasil, <a class=\"mh-excerpt-more\" href=\"https:\/\/www.tucomarca.com\/wordpress\/segunda\/nuevo-reves-judicial-a-millorem-y-al-bloque-de-izquierdas-en-benaguasil\/\" title=\"Nuevo rev\u00e9s judicial a Millorem y al bloque de izquierdas en Benaguasil\">[+] <\/a><\/div>\n","protected":false},"author":1,"featured_media":129227,"comment_status":"open","ping_status":"open","sticky":false,"template":"","format":"standard","meta":{"footnotes":""},"categories":[172,46,128,8,142,3],"tags":[10429,10395],"class_list":{"0":"post-185226","1":"post","2":"type-post","3":"status-publish","4":"format-standard","5":"has-post-thumbnail","7":"category-benaguasil","8":"category-camp-de-turia","9":"category-infraestructuras","10":"category-la-comarca","11":"category-politica-la-comarca","12":"category-seccion","13":"tag-benaguasil","14":"tag-camp-de-turia"},"_links":{"self":[{"href":"https:\/\/www.tucomarca.com\/wordpress\/segunda\/wp-json\/wp\/v2\/posts\/185226","targetHints":{"allow":["GET"]}}],"collection":[{"href":"https:\/\/www.tucomarca.com\/wordpress\/segunda\/wp-json\/wp\/v2\/posts"}],"about":[{"href":"https:\/\/www.tucomarca.com\/wordpress\/segunda\/wp-json\/wp\/v2\/types\/post"}],"author":[{"embeddable":true,"href":"https:\/\/www.tucomarca.com\/wordpress\/segunda\/wp-json\/wp\/v2\/users\/1"}],"replies":[{"embeddable":true,"href":"https:\/\/www.tucomarca.com\/wordpress\/segunda\/wp-json\/wp\/v2\/comments?post=185226"}],"version-history":[{"count":0,"href":"https:\/\/www.tucomarca.com\/wordpress\/segunda\/wp-json\/wp\/v2\/posts\/185226\/revisions"}],"wp:featuredmedia":[{"embeddable":true,"href":"https:\/\/www.tucomarca.com\/wordpress\/segunda\/wp-json\/wp\/v2\/media\/129227"}],"wp:attachment":[{"href":"https:\/\/www.tucomarca.com\/wordpress\/segunda\/wp-json\/wp\/v2\/media?parent=185226"}],"wp:term":[{"taxonomy":"category","embeddable":true,"href":"https:\/\/www.tucomarca.com\/wordpress\/segunda\/wp-json\/wp\/v2\/categories?post=185226"},{"taxonomy":"post_tag","embeddable":true,"href":"https:\/\/www.tucomarca.com\/wordpress\/segunda\/wp-json\/wp\/v2\/tags?post=185226"}],"curies":[{"name":"wp","href":"https:\/\/api.w.org\/{rel}","templated":true}]}}