{"id":185545,"date":"2023-05-12T18:00:00","date_gmt":"2023-05-12T17:00:00","guid":{"rendered":"https:\/\/www.tucomarca.com\/wordpress\/segunda\/?p=185545"},"modified":"2023-05-12T18:45:48","modified_gmt":"2023-05-12T17:45:48","slug":"un-hombre-de-65-anos-fallece-calcinado-en-tuejar-mientras-realizaba-una-quema-agricola","status":"publish","type":"post","link":"https:\/\/www.tucomarca.com\/wordpress\/segunda\/un-hombre-de-65-anos-fallece-calcinado-en-tuejar-mientras-realizaba-una-quema-agricola\/","title":{"rendered":"Un hombre de 65 a\u00f1os fallece calcinado en Tu\u00e9jar mientras realizaba una quema agr\u00edcola"},"content":{"rendered":"\n<p>La Comandancia de la Guardia Civil de Valencia ha informado del hallazgo del cuerpo calcinado de una persona en Tu\u00e9jar. Seg\u00fan las mismas fuentes \u00aba las 12,05 horas del d\u00eda de hoy, la Guardia Civil ha tenido conocimiento de la existencia de humo en el t\u00e9rmino municipal de Tu\u00e9jar. A la llegada de los agentes, hallaron un hombre calcinado\u00bb.<\/p>\n\n\n\n<p>\u00abEl fallecido, de 65 a\u00f1os, era natural de la localidad de Tu\u00e9jar. Posiblemente, pudo haber estado realizando labores de quema agr\u00edcola y se vio sorprendido por las llamas\u00bb, seg\u00fan informan desde la Comandancia de la Guardia Civil.&nbsp;<\/p>\n\n\n\n<p>\u00abAdem\u00e1s, tanto los bomberos forestales como las brigadas laborales de extinci\u00f3n de incendios han colaborado para asegurar la zona y verificar la total extinci\u00f3n del fuego\u00bb. Actualmente, las causas est\u00e1n siendo investigadas por la Guardia Civil de Valencia.<\/p>\n","protected":false},"excerpt":{"rendered":"<div class=\"mh-excerpt\">La Comandancia de la Guardia Civil de Valencia ha informado del hallazgo del cuerpo calcinado de una persona en Tu\u00e9jar. Seg\u00fan las mismas fuentes \u00aba las 12,05 horas del d\u00eda de hoy, la Guardia Civil <a class=\"mh-excerpt-more\" href=\"https:\/\/www.tucomarca.com\/wordpress\/segunda\/un-hombre-de-65-anos-fallece-calcinado-en-tuejar-mientras-realizaba-una-quema-agricola\/\" title=\"Un hombre de 65 a\u00f1os fallece calcinado en Tu\u00e9jar mientras realizaba una quema agr\u00edcola\">[+] <\/a><\/div>\n","protected":false},"author":1,"featured_media":161056,"comment_status":"open","ping_status":"open","sticky":false,"template":"","format":"standard","meta":{"footnotes":""},"categories":[8,72,59,3,116,134,45],"tags":[775,212,3912,10400,10413],"class_list":{"0":"post-185545","1":"post","2":"type-post","3":"status-publish","4":"format-standard","5":"has-post-thumbnail","7":"category-la-comarca","8":"category-sin-categorizar","9":"category-los-serranos","10":"category-seccion","11":"category-sucesos-la-comarca","12":"category-tuejar","13":"category-ventana","14":"tag-fallecido","15":"tag-incendio","16":"tag-la-serrania","17":"tag-los-serranos","18":"tag-tuejar"},"_links":{"self":[{"href":"https:\/\/www.tucomarca.com\/wordpress\/segunda\/wp-json\/wp\/v2\/posts\/185545","targetHints":{"allow":["GET"]}}],"collection":[{"href":"https:\/\/www.tucomarca.com\/wordpress\/segunda\/wp-json\/wp\/v2\/posts"}],"about":[{"href":"https:\/\/www.tucomarca.com\/wordpress\/segunda\/wp-json\/wp\/v2\/types\/post"}],"author":[{"embeddable":true,"href":"https:\/\/www.tucomarca.com\/wordpress\/segunda\/wp-json\/wp\/v2\/users\/1"}],"replies":[{"embeddable":true,"href":"https:\/\/www.tucomarca.com\/wordpress\/segunda\/wp-json\/wp\/v2\/comments?post=185545"}],"version-history":[{"count":0,"href":"https:\/\/www.tucomarca.com\/wordpress\/segunda\/wp-json\/wp\/v2\/posts\/185545\/revisions"}],"wp:featuredmedia":[{"embeddable":true,"href":"https:\/\/www.tucomarca.com\/wordpress\/segunda\/wp-json\/wp\/v2\/media\/161056"}],"wp:attachment":[{"href":"https:\/\/www.tucomarca.com\/wordpress\/segunda\/wp-json\/wp\/v2\/media?parent=185545"}],"wp:term":[{"taxonomy":"category","embeddable":true,"href":"https:\/\/www.tucomarca.com\/wordpress\/segunda\/wp-json\/wp\/v2\/categories?post=185545"},{"taxonomy":"post_tag","embeddable":true,"href":"https:\/\/www.tucomarca.com\/wordpress\/segunda\/wp-json\/wp\/v2\/tags?post=185545"}],"curies":[{"name":"wp","href":"https:\/\/api.w.org\/{rel}","templated":true}]}}