{"id":185915,"date":"2023-05-16T10:45:00","date_gmt":"2023-05-16T09:45:00","guid":{"rendered":"https:\/\/www.tucomarca.com\/wordpress\/segunda\/?p=185915"},"modified":"2023-05-16T11:34:16","modified_gmt":"2023-05-16T10:34:16","slug":"la-unio-cifra-en-829-las-hectareas-afectadas-por-la-tormenta-de-pedrisco-del-pasado-viernes-en-requena-utiel","status":"publish","type":"post","link":"https:\/\/www.tucomarca.com\/wordpress\/segunda\/la-unio-cifra-en-829-las-hectareas-afectadas-por-la-tormenta-de-pedrisco-del-pasado-viernes-en-requena-utiel\/","title":{"rendered":"La Uni\u00f3 cifra en 829 las hect\u00e1reas afectadas por la tormenta de pedrisco del pasado viernes en Requena-Utiel"},"content":{"rendered":"\n<p>La Uni\u00f3n Agricultora y Ganadera informa que la tormenta de lluvia y pedrisco del pasado viernes en Utiel-Requena afect\u00f3 a unas 829 hect\u00e1reas de cultivo en la zona suroeste de la comarca, con principal afecci\u00f3n en el t\u00e9rmino municipal de Venta del Moro y &nbsp;m\u00e1s concretamente su aldea de Casas de Moya.<\/p>\n\n\n\n<p>La primera estimaci\u00f3n de da\u00f1os directos en los cultivos, fundamentalmente la vi\u00f1a, es de alrededor de 200.000 euros. La Uni\u00f3 solicita la urgente peritaci\u00f3n de los da\u00f1os en las parcelas siniestradas.<\/p>\n\n\n\n<p>Los citados da\u00f1os se suman a los causados por la sequ\u00eda y la fauna salvaje. Seg\u00fan los agricultores, la tormenta solo produjo da\u00f1os; pues las cantidades de agua de lluvia registradas estuvieron, en general, por debajo de los 10 litros por metro cuadrado, que ni siquiera aliviar\u00e1n la sequ\u00eda lo m\u00e1s m\u00ednimo.<\/p>\n\n\n\n<p>Foto de <strong>Paco Monteagudo<\/strong> del pedrisco ca\u00eddo en campos de Casas de Moya. Informa, <strong>Luis Ib\u00e1\u00f1ez<\/strong>.<\/p>\n","protected":false},"excerpt":{"rendered":"<div class=\"mh-excerpt\">La Uni\u00f3n Agricultora y Ganadera informa que la tormenta de lluvia y pedrisco del pasado viernes en Utiel-Requena afect\u00f3 a unas 829 hect\u00e1reas de cultivo en la zona suroeste de la comarca, con principal afecci\u00f3n <a class=\"mh-excerpt-more\" href=\"https:\/\/www.tucomarca.com\/wordpress\/segunda\/la-unio-cifra-en-829-las-hectareas-afectadas-por-la-tormenta-de-pedrisco-del-pasado-viernes-en-requena-utiel\/\" title=\"La Uni\u00f3 cifra en 829 las hect\u00e1reas afectadas por la tormenta de pedrisco del pasado viernes en Requena-Utiel\">[+] <\/a><\/div>\n","protected":false},"author":1,"featured_media":185964,"comment_status":"open","ping_status":"open","sticky":false,"template":"","format":"standard","meta":{"footnotes":""},"categories":[169,128,8,72,117,27,3,116,234,45],"tags":[1443,10387,1442,10454],"class_list":{"0":"post-185915","1":"post","2":"type-post","3":"status-publish","4":"format-standard","5":"has-post-thumbnail","7":"category-agricultura-la-comarca","8":"category-infraestructuras","9":"category-la-comarca","10":"category-sin-categorizar","11":"category-medio-ambiente-la-comarca","12":"category-requena-utiel","13":"category-seccion","14":"category-sucesos-la-comarca","15":"category-venta-del-moro","16":"category-ventana","17":"tag-pedrisco","18":"tag-requena-utiel","19":"tag-unio","20":"tag-venta-del-moro"},"_links":{"self":[{"href":"https:\/\/www.tucomarca.com\/wordpress\/segunda\/wp-json\/wp\/v2\/posts\/185915","targetHints":{"allow":["GET"]}}],"collection":[{"href":"https:\/\/www.tucomarca.com\/wordpress\/segunda\/wp-json\/wp\/v2\/posts"}],"about":[{"href":"https:\/\/www.tucomarca.com\/wordpress\/segunda\/wp-json\/wp\/v2\/types\/post"}],"author":[{"embeddable":true,"href":"https:\/\/www.tucomarca.com\/wordpress\/segunda\/wp-json\/wp\/v2\/users\/1"}],"replies":[{"embeddable":true,"href":"https:\/\/www.tucomarca.com\/wordpress\/segunda\/wp-json\/wp\/v2\/comments?post=185915"}],"version-history":[{"count":0,"href":"https:\/\/www.tucomarca.com\/wordpress\/segunda\/wp-json\/wp\/v2\/posts\/185915\/revisions"}],"wp:featuredmedia":[{"embeddable":true,"href":"https:\/\/www.tucomarca.com\/wordpress\/segunda\/wp-json\/wp\/v2\/media\/185964"}],"wp:attachment":[{"href":"https:\/\/www.tucomarca.com\/wordpress\/segunda\/wp-json\/wp\/v2\/media?parent=185915"}],"wp:term":[{"taxonomy":"category","embeddable":true,"href":"https:\/\/www.tucomarca.com\/wordpress\/segunda\/wp-json\/wp\/v2\/categories?post=185915"},{"taxonomy":"post_tag","embeddable":true,"href":"https:\/\/www.tucomarca.com\/wordpress\/segunda\/wp-json\/wp\/v2\/tags?post=185915"}],"curies":[{"name":"wp","href":"https:\/\/api.w.org\/{rel}","templated":true}]}}