{"id":185951,"date":"2023-05-15T16:00:00","date_gmt":"2023-05-15T15:00:00","guid":{"rendered":"https:\/\/www.tucomarca.com\/wordpress\/segunda\/?p=185951"},"modified":"2023-05-16T12:44:11","modified_gmt":"2023-05-16T11:44:11","slug":"ricardo-gabaldon-pp-utiel-recibe-el-apoyo-y-el-compromiso-de-esteban-gonzalez-pons-para-ser-su-voz-en-el-parlamento-europeo","status":"publish","type":"post","link":"https:\/\/www.tucomarca.com\/wordpress\/segunda\/ricardo-gabaldon-pp-utiel-recibe-el-apoyo-y-el-compromiso-de-esteban-gonzalez-pons-para-ser-su-voz-en-el-parlamento-europeo\/","title":{"rendered":"Ricardo Gabald\u00f3n (PP Utiel) recibe el apoyo y el compromiso de Esteban Gonz\u00e1lez Pons para ser su voz en el Parlamento Europeo"},"content":{"rendered":"\n<p>El Candidato por el Partido Popular de Utiel para las pr\u00f3ximas elecciones del 28 de mayo, Ricardo Gabald\u00f3n remarc\u00f3 que \u00ablas propuestas de su equipo van enfocadas a revitalizar Utiel y sus aldeas, generar empleo, incentivar el comercio, agricultura y ganader\u00eda a la vez que Utiel contin\u00fae creciendo en poblaci\u00f3n, y con la visita de Esteban Gonz\u00e1lez Pons, se visibiliza Utiel y la comarca en la Uni\u00f3n Europea haciendo posible que lleguen a nuestro territorio fondos europeos que mejoren nuestra econom\u00eda\u00bb.<\/p>\n\n\n\n<p>Vicente Momp\u00f3, presidente provincial del Partido Popular, agradeci\u00f3 la invitaci\u00f3n del candidato para conocer m\u00e1s de cerca las inquietudes de los&nbsp;ciudadanos de Utiel y las aldeas&nbsp; y tambi\u00e9n confirm\u00f3 en sus declaraciones, las buenas expectativas para conseguir la alcald\u00eda. Seg\u00fan Momp\u00f3, \u00abha quedado demostrado durante el paseo por el centro de Utiel, el cari\u00f1o de la gente hacia el candidato, los ciudadanos lo paran por la calle y hablan con \u00e9l, porque en definitiva, la pol\u00edtica local es eso, ilusionar a la gente de que se va a trabajar por el futuro de Utiel\u00bb.<\/p>\n\n\n\n<p>El acto lo cerr\u00f3 Esteban Gonz\u00e1lez Pons, dejando patente que el compromiso y apoyo para la candidatura del Partido Popular de Utiel es firme, y afirmando que viene a comprometerse con Ricardo Gabald\u00f3n \u00abpara ser su voz en el Parlamento Europeo y que todas las ayudas y subvenciones que pueda conseguir para Utiel est\u00e9n a su alcance, si Ricardo Gabald\u00f3n es alcalde de la poblaci\u00f3n\u00bb. Siendo Esteban Gonz\u00e1lez Pons vicepresidente del PP Europeo, pondr\u00e1 a su disposici\u00f3n todos sus contactos para que todas las ayudas europeas para el campo y las personas con necesidad puedan llegar a Utiel y sus aldeas, desde Bruselas se conf\u00eda en que el pr\u00f3ximo alcalde de Utiel sea Ricardo Gabald\u00f3n\u00bb. Informa, <strong>Luis Ib\u00e1\u00f1ez<\/strong>.<\/p>\n","protected":false},"excerpt":{"rendered":"<div class=\"mh-excerpt\">El Candidato por el Partido Popular de Utiel para las pr\u00f3ximas elecciones del 28 de mayo, Ricardo Gabald\u00f3n remarc\u00f3 que \u00ablas propuestas de su equipo van enfocadas a revitalizar Utiel y sus aldeas, generar empleo, <a class=\"mh-excerpt-more\" href=\"https:\/\/www.tucomarca.com\/wordpress\/segunda\/ricardo-gabaldon-pp-utiel-recibe-el-apoyo-y-el-compromiso-de-esteban-gonzalez-pons-para-ser-su-voz-en-el-parlamento-europeo\/\" title=\"Ricardo Gabald\u00f3n (PP Utiel) recibe el apoyo y el compromiso de Esteban Gonz\u00e1lez Pons para ser su voz en el Parlamento Europeo\">[+] <\/a><\/div>\n","protected":false},"author":12,"featured_media":185960,"comment_status":"open","ping_status":"open","sticky":false,"template":"","format":"standard","meta":{"footnotes":""},"categories":[128,8,142,27,3,29],"tags":[18179,10387],"class_list":{"0":"post-185951","1":"post","2":"type-post","3":"status-publish","4":"format-standard","5":"has-post-thumbnail","7":"category-infraestructuras","8":"category-la-comarca","9":"category-politica-la-comarca","10":"category-requena-utiel","11":"category-seccion","12":"category-utiel","13":"tag-pp-utiel","14":"tag-requena-utiel"},"_links":{"self":[{"href":"https:\/\/www.tucomarca.com\/wordpress\/segunda\/wp-json\/wp\/v2\/posts\/185951","targetHints":{"allow":["GET"]}}],"collection":[{"href":"https:\/\/www.tucomarca.com\/wordpress\/segunda\/wp-json\/wp\/v2\/posts"}],"about":[{"href":"https:\/\/www.tucomarca.com\/wordpress\/segunda\/wp-json\/wp\/v2\/types\/post"}],"author":[{"embeddable":true,"href":"https:\/\/www.tucomarca.com\/wordpress\/segunda\/wp-json\/wp\/v2\/users\/12"}],"replies":[{"embeddable":true,"href":"https:\/\/www.tucomarca.com\/wordpress\/segunda\/wp-json\/wp\/v2\/comments?post=185951"}],"version-history":[{"count":0,"href":"https:\/\/www.tucomarca.com\/wordpress\/segunda\/wp-json\/wp\/v2\/posts\/185951\/revisions"}],"wp:featuredmedia":[{"embeddable":true,"href":"https:\/\/www.tucomarca.com\/wordpress\/segunda\/wp-json\/wp\/v2\/media\/185960"}],"wp:attachment":[{"href":"https:\/\/www.tucomarca.com\/wordpress\/segunda\/wp-json\/wp\/v2\/media?parent=185951"}],"wp:term":[{"taxonomy":"category","embeddable":true,"href":"https:\/\/www.tucomarca.com\/wordpress\/segunda\/wp-json\/wp\/v2\/categories?post=185951"},{"taxonomy":"post_tag","embeddable":true,"href":"https:\/\/www.tucomarca.com\/wordpress\/segunda\/wp-json\/wp\/v2\/tags?post=185951"}],"curies":[{"name":"wp","href":"https:\/\/api.w.org\/{rel}","templated":true}]}}