{"id":186016,"date":"2023-05-16T12:00:00","date_gmt":"2023-05-16T11:00:00","guid":{"rendered":"https:\/\/www.tucomarca.com\/wordpress\/segunda\/?p=186016"},"modified":"2023-05-16T18:03:41","modified_gmt":"2023-05-16T17:03:41","slug":"benaguasil-acogera-el-evento-deportivo-benafest-workout","status":"publish","type":"post","link":"https:\/\/www.tucomarca.com\/wordpress\/segunda\/benaguasil-acogera-el-evento-deportivo-benafest-workout\/","title":{"rendered":"Benaguasil acoger\u00e1 el evento deportivo \u201cBenafest Workout\u201d"},"content":{"rendered":"\n<h4 class=\"wp-block-heading\">Una celebraci\u00f3n que une deporte, m\u00fasica, salud y gastronom\u00eda y que contar\u00e1 con actividades y masterclass de zumba, spinning, t\u00e1bata y jumping, entre otros.<\/h4>\n\n\n\n<p>El pr\u00f3ximo 20 de mayo a partir de las 10h tendr\u00e1 lugar en el Centro Deportivo Hidrotermal el festival deportivo \u201cBenafest Workout\u201d. La jornada ocupar\u00e1 todo el d\u00eda, con distintas actividades y ambientes seg\u00fan la hora.<\/p>\n\n\n\n<p>El evento, organizado por la concejal\u00eda de Deportes, servir\u00e1 para dar a conocer algunas de las actividades que se desarrollan de forma habitual en la instalaci\u00f3n, y tambi\u00e9n ser\u00e1 una fiesta tanto para los usuarios que acuden a las clases como para los no usuarios que se acerquen hasta el CDH para participar en alguna de las masterclass programadas en una jornada de diversi\u00f3n, buena compa\u00f1\u00eda, aire libre y deporte.<\/p>\n\n\n\n<p>Ser\u00e1 un encuentro abierto a la participaci\u00f3n de toda la ciudadan\u00eda, desde familias a ni\u00f1os, personas mayores, etc.<\/p>\n\n\n\n<p>La fiesta del deporte incluye varias masterclass deportivas al aire libre de zumba, spinning, t\u00e1bata y jumping impartidas por instructores especializados.<\/p>\n\n\n\n<p>Adem\u00e1s durante todo el d\u00eda se realizar\u00e1n actividades infantiles y de ocio para los ni\u00f1os y ni\u00f1as, finalizando el evento con la m\u00fasica de varios Dj\u2019s a partir de las 19h y con foodtrucks con diversas opciones de comida para todos los gustos.&nbsp;<\/p>\n\n\n\n<p>Desde la concejal\u00eda de Deportes se invita a la poblaci\u00f3n a participar en esta fiesta del deporte que en palabras de su concejal Rub\u00e9n Araque \u201cservir\u00e1 para dar a conocer toda la oferta deportiva que ofrecemos en el CDH, as\u00ed como para promover la pr\u00e1ctica deportiva entre la poblaci\u00f3n y disfrutar en un ambiente festivo de una jornada de deporte y convivencia\u201d.<\/p>\n","protected":false},"excerpt":{"rendered":"<div class=\"mh-excerpt\">Una celebraci\u00f3n que une deporte, m\u00fasica, salud y gastronom\u00eda y que contar\u00e1 con actividades y masterclass de zumba, spinning, t\u00e1bata y jumping, entre otros. El pr\u00f3ximo 20 de mayo a partir de las 10h tendr\u00e1 <a class=\"mh-excerpt-more\" href=\"https:\/\/www.tucomarca.com\/wordpress\/segunda\/benaguasil-acogera-el-evento-deportivo-benafest-workout\/\" title=\"Benaguasil acoger\u00e1 el evento deportivo \u201cBenafest Workout\u201d\">[+] <\/a><\/div>\n","protected":false},"author":12,"featured_media":186018,"comment_status":"open","ping_status":"open","sticky":false,"template":"","format":"standard","meta":{"footnotes":""},"categories":[4,172,46,66,8,7,3],"tags":[10429,10395],"class_list":{"0":"post-186016","1":"post","2":"type-post","3":"status-publish","4":"format-standard","5":"has-post-thumbnail","7":"category-agenda","8":"category-benaguasil","9":"category-camp-de-turia","10":"category-musica","11":"category-la-comarca","12":"category-ocio-y-cultura","13":"category-seccion","14":"tag-benaguasil","15":"tag-camp-de-turia"},"_links":{"self":[{"href":"https:\/\/www.tucomarca.com\/wordpress\/segunda\/wp-json\/wp\/v2\/posts\/186016","targetHints":{"allow":["GET"]}}],"collection":[{"href":"https:\/\/www.tucomarca.com\/wordpress\/segunda\/wp-json\/wp\/v2\/posts"}],"about":[{"href":"https:\/\/www.tucomarca.com\/wordpress\/segunda\/wp-json\/wp\/v2\/types\/post"}],"author":[{"embeddable":true,"href":"https:\/\/www.tucomarca.com\/wordpress\/segunda\/wp-json\/wp\/v2\/users\/12"}],"replies":[{"embeddable":true,"href":"https:\/\/www.tucomarca.com\/wordpress\/segunda\/wp-json\/wp\/v2\/comments?post=186016"}],"version-history":[{"count":0,"href":"https:\/\/www.tucomarca.com\/wordpress\/segunda\/wp-json\/wp\/v2\/posts\/186016\/revisions"}],"wp:featuredmedia":[{"embeddable":true,"href":"https:\/\/www.tucomarca.com\/wordpress\/segunda\/wp-json\/wp\/v2\/media\/186018"}],"wp:attachment":[{"href":"https:\/\/www.tucomarca.com\/wordpress\/segunda\/wp-json\/wp\/v2\/media?parent=186016"}],"wp:term":[{"taxonomy":"category","embeddable":true,"href":"https:\/\/www.tucomarca.com\/wordpress\/segunda\/wp-json\/wp\/v2\/categories?post=186016"},{"taxonomy":"post_tag","embeddable":true,"href":"https:\/\/www.tucomarca.com\/wordpress\/segunda\/wp-json\/wp\/v2\/tags?post=186016"}],"curies":[{"name":"wp","href":"https:\/\/api.w.org\/{rel}","templated":true}]}}