{"id":186102,"date":"2023-05-17T21:00:00","date_gmt":"2023-05-17T20:00:00","guid":{"rendered":"https:\/\/www.tucomarca.com\/wordpress\/segunda\/?p=186102"},"modified":"2023-05-18T12:41:01","modified_gmt":"2023-05-18T11:41:01","slug":"esquerra-unida-de-algemesi-presenta-un-programa-electoral-con-propuestas-factibles-si-revalida-el-gobierno-de-coalicion","status":"publish","type":"post","link":"https:\/\/www.tucomarca.com\/wordpress\/segunda\/esquerra-unida-de-algemesi-presenta-un-programa-electoral-con-propuestas-factibles-si-revalida-el-gobierno-de-coalicion\/","title":{"rendered":"Esquerra Unida de Algemes\u00ed presenta un programa electoral con propuestas \u2018factibles\u2019 si revalida el gobierno de coalici\u00f3n"},"content":{"rendered":"\n<h4 class=\"wp-block-heading\">El programa municipal, que cuenta con 136 propuestas adaptadas a las necesidades de Algemes\u00ed, se presenta este jueves 18 en el sal\u00f3n de actas del Casino Liberal<\/h4>\n\n\n\n<p>Esquerra Unida de Algemes\u00ed presenta el jueves 18 de mayo a las 19 horas en el sal\u00f3n de actas del Casino Liberal su programa electoral para las elecciones municipales. Bajo el lema \u00abNuestro trabajo lo notas t\u00fa\u00bb, el programa de Esquerra Unida busca continuar con el trabajo realizado a lo largo de los \u00faltimos ocho a\u00f1os de gobierno de coalici\u00f3n en Algemes\u00ed.<\/p>\n\n\n\n<p>El programa electoral cuenta con 136 propuestas y 8 bloques tem\u00e1ticos donde la formaci\u00f3n pol\u00edtica ha estado destacando principalmente cuatro de ellos a lo largo de la campa\u00f1a electoral: 1) Medioambiente y movilidad; 2) Trabajo y vivienda; 3) Sanidad, cuidados e igualdad y 4) Asociacionismo. Seg\u00fan explica la candidata a la alcald\u00eda Fina Mach\u00ed \u201cel programa est\u00e1 basado en propuestas factibles y viables econ\u00f3micamente\u201d a pesar que tambi\u00e9n asegura que \u201calgunas de ellas dependen de un <em>Bot\u00e0nic3<\/em> como es la residencia para mayores\u201d.<\/p>\n\n\n\n<p>En el acto de presentaci\u00f3n del programa, adem\u00e1s de Mach\u00ed, tambi\u00e9n participar\u00e1 Tony Cooper, abogado de 32 a\u00f1os, quien ocupa el n\u00famero dos de la lista; Noelia Girb\u00e9s, citot\u00e9cnico de 27 a\u00f1os, en el n\u00famero tres; Ximo Rosell, profesor de formaci\u00f3n profesional y actual concejal de Educaci\u00f3n, Salud e Igualdad en el Ayuntamiento de Algemes\u00ed, quien ocupa el cuarto lugar de la lista; Anna Tormos educadora social y quinta en la lista y Ferran Santos, profesor de comunicaci\u00f3n audiovisual y n\u00famero seis de la candidatura.<\/p>\n","protected":false},"excerpt":{"rendered":"<div class=\"mh-excerpt\">El programa municipal, que cuenta con 136 propuestas adaptadas a las necesidades de Algemes\u00ed, se presenta este jueves 18 en el sal\u00f3n de actas del Casino Liberal Esquerra Unida de Algemes\u00ed presenta el jueves 18 <a class=\"mh-excerpt-more\" href=\"https:\/\/www.tucomarca.com\/wordpress\/segunda\/esquerra-unida-de-algemesi-presenta-un-programa-electoral-con-propuestas-factibles-si-revalida-el-gobierno-de-coalicion\/\" title=\"Esquerra Unida de Algemes\u00ed presenta un programa electoral con propuestas \u2018factibles\u2019 si revalida el gobierno de coalici\u00f3n\">[+] <\/a><\/div>\n","protected":false},"author":12,"featured_media":186104,"comment_status":"open","ping_status":"open","sticky":false,"template":"","format":"standard","meta":{"footnotes":""},"categories":[4,99,128,8,42,142,3],"tags":[10409,14941,1407],"class_list":{"0":"post-186102","1":"post","2":"type-post","3":"status-publish","4":"format-standard","5":"has-post-thumbnail","7":"category-agenda","8":"category-algemesi","9":"category-infraestructuras","10":"category-la-comarca","11":"category-la-ribera","12":"category-politica-la-comarca","13":"category-seccion","14":"tag-algemesi","15":"tag-eu-algemesi","16":"tag-ribera-alta"},"_links":{"self":[{"href":"https:\/\/www.tucomarca.com\/wordpress\/segunda\/wp-json\/wp\/v2\/posts\/186102","targetHints":{"allow":["GET"]}}],"collection":[{"href":"https:\/\/www.tucomarca.com\/wordpress\/segunda\/wp-json\/wp\/v2\/posts"}],"about":[{"href":"https:\/\/www.tucomarca.com\/wordpress\/segunda\/wp-json\/wp\/v2\/types\/post"}],"author":[{"embeddable":true,"href":"https:\/\/www.tucomarca.com\/wordpress\/segunda\/wp-json\/wp\/v2\/users\/12"}],"replies":[{"embeddable":true,"href":"https:\/\/www.tucomarca.com\/wordpress\/segunda\/wp-json\/wp\/v2\/comments?post=186102"}],"version-history":[{"count":0,"href":"https:\/\/www.tucomarca.com\/wordpress\/segunda\/wp-json\/wp\/v2\/posts\/186102\/revisions"}],"wp:featuredmedia":[{"embeddable":true,"href":"https:\/\/www.tucomarca.com\/wordpress\/segunda\/wp-json\/wp\/v2\/media\/186104"}],"wp:attachment":[{"href":"https:\/\/www.tucomarca.com\/wordpress\/segunda\/wp-json\/wp\/v2\/media?parent=186102"}],"wp:term":[{"taxonomy":"category","embeddable":true,"href":"https:\/\/www.tucomarca.com\/wordpress\/segunda\/wp-json\/wp\/v2\/categories?post=186102"},{"taxonomy":"post_tag","embeddable":true,"href":"https:\/\/www.tucomarca.com\/wordpress\/segunda\/wp-json\/wp\/v2\/tags?post=186102"}],"curies":[{"name":"wp","href":"https:\/\/api.w.org\/{rel}","templated":true}]}}