{"id":186383,"date":"2023-05-23T12:30:00","date_gmt":"2023-05-23T11:30:00","guid":{"rendered":"https:\/\/www.tucomarca.com\/wordpress\/segunda\/?p=186383"},"modified":"2023-05-23T13:58:23","modified_gmt":"2023-05-23T12:58:23","slug":"el-conseller-de-vivienda-hector-illueca-visita-bunol-para-mostrar-su-respaldo-a-la-candidatura-de-unidas-podemos","status":"publish","type":"post","link":"https:\/\/www.tucomarca.com\/wordpress\/segunda\/el-conseller-de-vivienda-hector-illueca-visita-bunol-para-mostrar-su-respaldo-a-la-candidatura-de-unidas-podemos\/","title":{"rendered":"El conseller de Vivienda, H\u00e9ctor Illueca, visita Bu\u00f1ol para mostrar su respaldo a la candidatura de Unidas Podemos"},"content":{"rendered":"\n<p>El vicepresidente segundo y conseller de Vivienda y Arquitectura Bioclim\u00e1tica de la Generalidad Valenciana, H\u00e9ctor Illueca, ha visitado Bu\u00f1ol para mostrar su respaldo a la candidatura de Unidas Podemos.<\/p>\n\n\n\n<p>Durante la visita ha paseado junto los candidatos, Chimo Masmano Ruiz y Mati Mas, y otros miembros de la candidatura por el castillo de Bu\u00f1ol y el barrio antiguo, haciendo una parada especial en las obras de reconstrucci\u00f3n que se han llevado a cabo tras el derrumbamiento de la calle Morat\u00edn.<\/p>\n\n\n\n<p>Illueca ha informado a la coalici\u00f3n electoral de Bu\u00f1ol que el pacto del Bot\u00e0nic se reeditar\u00e1 con la condici\u00f3n de que se cree una empresa p\u00fablica de energ\u00eda\u00a0gestionada por la Generalitat.<\/p>\n\n\n\n<p>Fotos: <strong>Jos\u00e9 L. Mont\u00f3n<\/strong><\/p>\n\n\n\n<figure class=\"wp-block-gallery has-nested-images columns-2 is-cropped wp-block-gallery-1 is-layout-flex wp-block-gallery-is-layout-flex\">\n<figure class=\"wp-block-image size-large\"><img loading=\"lazy\" decoding=\"async\" width=\"886\" height=\"591\" data-id=\"186446\" src=\"https:\/\/www.tucomarca.com\/wordpress\/segunda\/wp-content\/uploads\/2023\/05\/UnidasPodemosBunol02.jpg\" alt=\"\" class=\"wp-image-186446\" srcset=\"https:\/\/www.tucomarca.com\/wordpress\/segunda\/wp-content\/uploads\/2023\/05\/UnidasPodemosBunol02.jpg 886w, https:\/\/www.tucomarca.com\/wordpress\/segunda\/wp-content\/uploads\/2023\/05\/UnidasPodemosBunol02-300x200.jpg 300w, https:\/\/www.tucomarca.com\/wordpress\/segunda\/wp-content\/uploads\/2023\/05\/UnidasPodemosBunol02-768x512.jpg 768w\" sizes=\"auto, (max-width: 886px) 100vw, 886px\" \/><\/figure>\n\n\n\n<figure class=\"wp-block-image size-large\"><img loading=\"lazy\" decoding=\"async\" width=\"886\" height=\"591\" data-id=\"186448\" src=\"https:\/\/www.tucomarca.com\/wordpress\/segunda\/wp-content\/uploads\/2023\/05\/UnidasPodemosBunol03.jpg\" alt=\"\" class=\"wp-image-186448\" srcset=\"https:\/\/www.tucomarca.com\/wordpress\/segunda\/wp-content\/uploads\/2023\/05\/UnidasPodemosBunol03.jpg 886w, https:\/\/www.tucomarca.com\/wordpress\/segunda\/wp-content\/uploads\/2023\/05\/UnidasPodemosBunol03-300x200.jpg 300w, https:\/\/www.tucomarca.com\/wordpress\/segunda\/wp-content\/uploads\/2023\/05\/UnidasPodemosBunol03-768x512.jpg 768w\" sizes=\"auto, (max-width: 886px) 100vw, 886px\" \/><\/figure>\n\n\n\n<figure class=\"wp-block-image size-large\"><img loading=\"lazy\" decoding=\"async\" width=\"886\" height=\"1329\" data-id=\"186454\" src=\"https:\/\/www.tucomarca.com\/wordpress\/segunda\/wp-content\/uploads\/2023\/05\/UnidasPodemosBunol06.jpg\" alt=\"\" class=\"wp-image-186454\" srcset=\"https:\/\/www.tucomarca.com\/wordpress\/segunda\/wp-content\/uploads\/2023\/05\/UnidasPodemosBunol06.jpg 886w, https:\/\/www.tucomarca.com\/wordpress\/segunda\/wp-content\/uploads\/2023\/05\/UnidasPodemosBunol06-200x300.jpg 200w, https:\/\/www.tucomarca.com\/wordpress\/segunda\/wp-content\/uploads\/2023\/05\/UnidasPodemosBunol06-683x1024.jpg 683w, https:\/\/www.tucomarca.com\/wordpress\/segunda\/wp-content\/uploads\/2023\/05\/UnidasPodemosBunol06-768x1152.jpg 768w\" sizes=\"auto, (max-width: 886px) 100vw, 886px\" \/><\/figure>\n\n\n\n<figure class=\"wp-block-image size-large\"><img loading=\"lazy\" decoding=\"async\" width=\"886\" height=\"591\" data-id=\"186452\" src=\"https:\/\/www.tucomarca.com\/wordpress\/segunda\/wp-content\/uploads\/2023\/05\/UnidasPodemosBunol05.jpg\" alt=\"\" class=\"wp-image-186452\" srcset=\"https:\/\/www.tucomarca.com\/wordpress\/segunda\/wp-content\/uploads\/2023\/05\/UnidasPodemosBunol05.jpg 886w, https:\/\/www.tucomarca.com\/wordpress\/segunda\/wp-content\/uploads\/2023\/05\/UnidasPodemosBunol05-300x200.jpg 300w, https:\/\/www.tucomarca.com\/wordpress\/segunda\/wp-content\/uploads\/2023\/05\/UnidasPodemosBunol05-768x512.jpg 768w\" sizes=\"auto, (max-width: 886px) 100vw, 886px\" \/><\/figure>\n\n\n\n<figure class=\"wp-block-image size-large\"><img loading=\"lazy\" decoding=\"async\" width=\"886\" height=\"591\" data-id=\"186450\" src=\"https:\/\/www.tucomarca.com\/wordpress\/segunda\/wp-content\/uploads\/2023\/05\/UnidasPodemosBunol04.jpg\" alt=\"\" class=\"wp-image-186450\" srcset=\"https:\/\/www.tucomarca.com\/wordpress\/segunda\/wp-content\/uploads\/2023\/05\/UnidasPodemosBunol04.jpg 886w, https:\/\/www.tucomarca.com\/wordpress\/segunda\/wp-content\/uploads\/2023\/05\/UnidasPodemosBunol04-300x200.jpg 300w, https:\/\/www.tucomarca.com\/wordpress\/segunda\/wp-content\/uploads\/2023\/05\/UnidasPodemosBunol04-768x512.jpg 768w\" sizes=\"auto, (max-width: 886px) 100vw, 886px\" \/><\/figure>\n<\/figure>\n","protected":false},"excerpt":{"rendered":"<div class=\"mh-excerpt\">El vicepresidente segundo y conseller de Vivienda y Arquitectura Bioclim\u00e1tica de la Generalidad Valenciana, H\u00e9ctor Illueca, ha visitado Bu\u00f1ol para mostrar su respaldo a la candidatura de Unidas Podemos. Durante la visita ha paseado junto <a class=\"mh-excerpt-more\" href=\"https:\/\/www.tucomarca.com\/wordpress\/segunda\/el-conseller-de-vivienda-hector-illueca-visita-bunol-para-mostrar-su-respaldo-a-la-candidatura-de-unidas-podemos\/\" title=\"El conseller de Vivienda, H\u00e9ctor Illueca, visita Bu\u00f1ol para mostrar su respaldo a la candidatura de Unidas Podemos\">[+] <\/a><\/div>\n","protected":false},"author":12,"featured_media":186444,"comment_status":"open","ping_status":"open","sticky":false,"template":"","format":"gallery","meta":{"footnotes":""},"categories":[18,128,8,10,142,3],"tags":[10385,11568,5952,13022,11591],"class_list":{"0":"post-186383","1":"post","2":"type-post","3":"status-publish","4":"format-gallery","5":"has-post-thumbnail","7":"category-bunol","8":"category-infraestructuras","9":"category-la-comarca","10":"category-la-hoya","11":"category-politica-la-comarca","12":"category-seccion","13":"tag-bunol","14":"tag-esquerra-unida-bunol","15":"tag-la-hoya-de-bunol-chiva","16":"tag-podemos-bunol","17":"tag-unidas-podemos","18":"post_format-post-format-gallery"},"_links":{"self":[{"href":"https:\/\/www.tucomarca.com\/wordpress\/segunda\/wp-json\/wp\/v2\/posts\/186383","targetHints":{"allow":["GET"]}}],"collection":[{"href":"https:\/\/www.tucomarca.com\/wordpress\/segunda\/wp-json\/wp\/v2\/posts"}],"about":[{"href":"https:\/\/www.tucomarca.com\/wordpress\/segunda\/wp-json\/wp\/v2\/types\/post"}],"author":[{"embeddable":true,"href":"https:\/\/www.tucomarca.com\/wordpress\/segunda\/wp-json\/wp\/v2\/users\/12"}],"replies":[{"embeddable":true,"href":"https:\/\/www.tucomarca.com\/wordpress\/segunda\/wp-json\/wp\/v2\/comments?post=186383"}],"version-history":[{"count":0,"href":"https:\/\/www.tucomarca.com\/wordpress\/segunda\/wp-json\/wp\/v2\/posts\/186383\/revisions"}],"wp:featuredmedia":[{"embeddable":true,"href":"https:\/\/www.tucomarca.com\/wordpress\/segunda\/wp-json\/wp\/v2\/media\/186444"}],"wp:attachment":[{"href":"https:\/\/www.tucomarca.com\/wordpress\/segunda\/wp-json\/wp\/v2\/media?parent=186383"}],"wp:term":[{"taxonomy":"category","embeddable":true,"href":"https:\/\/www.tucomarca.com\/wordpress\/segunda\/wp-json\/wp\/v2\/categories?post=186383"},{"taxonomy":"post_tag","embeddable":true,"href":"https:\/\/www.tucomarca.com\/wordpress\/segunda\/wp-json\/wp\/v2\/tags?post=186383"}],"curies":[{"name":"wp","href":"https:\/\/api.w.org\/{rel}","templated":true}]}}