{"id":18644,"date":"2013-10-11T15:18:08","date_gmt":"2013-10-11T12:18:08","guid":{"rendered":"http:\/\/www.tucomarca.com\/wordpress\/segunda\/?p=18644"},"modified":"2013-10-11T15:30:06","modified_gmt":"2013-10-11T12:30:06","slug":"el-presidente-de-la-diputacion-inaugura-la-nueva-piscina-de-canals","status":"publish","type":"post","link":"https:\/\/www.tucomarca.com\/wordpress\/segunda\/el-presidente-de-la-diputacion-inaugura-la-nueva-piscina-de-canals\/","title":{"rendered":"El presidente de la Diputaci\u00f3n inaugura la nueva piscina de Canals"},"content":{"rendered":"<figure id=\"attachment_18661\" aria-describedby=\"caption-attachment-18661\" style=\"width: 300px\" class=\"wp-caption alignleft\"><a href=\"https:\/\/www.tucomarca.com\/wordpress\/segunda\/wp-content\/uploads\/2013\/10\/piscina-canals.jpg\"><img loading=\"lazy\" decoding=\"async\" class=\"size-medium wp-image-18661\" title=\"piscina-canals\" src=\"https:\/\/www.tucomarca.com\/wordpress\/segunda\/wp-content\/uploads\/2013\/10\/piscina-canals-300x194.jpg\" alt=\"Autoridades locales junto al presidente Alfonso Rus durante la inauguraci\u00f3n.\" width=\"300\" height=\"194\" \/><\/a><figcaption id=\"caption-attachment-18661\" class=\"wp-caption-text\">Autoridades locales junto al presidente Alfonso Rus durante la inauguraci\u00f3n.<\/figcaption><\/figure>\n<p>El presidente de la Diputaci\u00f3n de Valencia, Alfonso Rus, ha inaugurado este jueves por la tarde la piscina cubierta de Canals que ha sido financiada  por la instituci\u00f3n provincial dentro de los planes provinciales, con una subvenci\u00f3n de 176.752 euros. Al acto ha acudido tambi\u00e9n el alcalde de la localidad, Ricardo Cardona, el diputado de Empresas P\u00fablicas, Rafael P\u00e9rez, as\u00ed como otros diputados provinciales y concejales del ayuntamiento.<\/p>\n<p>Alfonso Rus ha informado, adem\u00e1s, que con el Plan de Inversiones en Instalaciones Deportivas de C\u00e9sped Artificial y Piscinas Cubiertas de la legislatura pasada \u201cel Ayuntamiento de Canals ha construido en el polideportivo una pista de p\u00e1del y una piscina cubierta\u201d.<\/p>\n<p>\u201cLa nueva piscina\u201d, ha apuntado, \u201ccompleta las prestaciones del polideportivo municipal que ya cuenta con front\u00f3n, piscina abierta, campo de f\u00fatbol 11 y pista de p\u00e1del, ofreciendo de esta manera nuevos servicios deportivos y de calidad a los vecinos de Canals\u201d.<\/p>\n<p>En este sentido, Rus ha explicado que esta obra \u201cconlleva una inversi\u00f3n de 353.505 euros, de los cuales la Diputaci\u00f3n ha asumido el 50% del coste, que asciende a m\u00e1s de 176.000 euros\u201d.<\/p>\n<p>El responsable provincial ha destacado tambi\u00e9n que el Plan de Inversiones en Instalaciones Deportivas \u201cha supuesto para la Diputaci\u00f3n una inversi\u00f3n de unos 32 millones de euros\u201d.<\/p>\n<p>Con este programa se han realizado 105 actuaciones en 73 municipios de la provincia y construido 43 campos de c\u00e9sped artificial de f\u00fatbol 11, ocho de f\u00fatbol 7, 44 pistas de p\u00e1del y 10 piscinas cubiertas\u201d.<\/p>\n<p>Apoyo institucional<br \/>\nPor su parte, el alcalde de esta localidad de la Costera, Ricardo Cardona, se ha mostrado \u201csatisfecho\u201d por la ayuda recibida de la Diputaci\u00f3n y ha comentado que la corporaci\u00f3n provincial \u201csiempre ha sido el apoyo m\u00e1s directo para el pueblo\u201d.<\/p>\n<p>Caracter\u00edsticas<br \/>\nLa piscina construida tiene unas dimensiones de 16 metros de largo por 8 metros de ancho, con cuatro carriles y una profundidad de 1,4 metros.<\/p>\n<p>El proyecto se ha completado con la modificaci\u00f3n y reforma del acceso a las piscinas \u2013interior y exteriores- y la ejecuci\u00f3n de una nueva gerencia y conserjer\u00eda. Asimismo, se han instalado unos tornos de control automatizado de entradas.<\/p>\n","protected":false},"excerpt":{"rendered":"<div class=\"mh-excerpt\">El presidente de la Diputaci\u00f3n de Valencia, Alfonso Rus, ha inaugurado este jueves por la tarde la piscina cubierta de Canals que ha sido financiada por la instituci\u00f3n provincial dentro de los planes provinciales, con <a class=\"mh-excerpt-more\" href=\"https:\/\/www.tucomarca.com\/wordpress\/segunda\/el-presidente-de-la-diputacion-inaugura-la-nueva-piscina-de-canals\/\" title=\"El presidente de la Diputaci\u00f3n inaugura la nueva piscina de Canals\">[+] <\/a><\/div>\n","protected":false},"author":2,"featured_media":18661,"comment_status":"open","ping_status":"open","sticky":false,"template":"","format":"standard","meta":{"footnotes":""},"categories":[249,128,70,8,3,45],"tags":[],"class_list":{"0":"post-18644","1":"post","2":"type-post","3":"status-publish","4":"format-standard","5":"has-post-thumbnail","7":"category-canals","8":"category-infraestructuras","9":"category-la-canal-de-navarres","10":"category-la-comarca","11":"category-seccion","12":"category-ventana"},"_links":{"self":[{"href":"https:\/\/www.tucomarca.com\/wordpress\/segunda\/wp-json\/wp\/v2\/posts\/18644","targetHints":{"allow":["GET"]}}],"collection":[{"href":"https:\/\/www.tucomarca.com\/wordpress\/segunda\/wp-json\/wp\/v2\/posts"}],"about":[{"href":"https:\/\/www.tucomarca.com\/wordpress\/segunda\/wp-json\/wp\/v2\/types\/post"}],"author":[{"embeddable":true,"href":"https:\/\/www.tucomarca.com\/wordpress\/segunda\/wp-json\/wp\/v2\/users\/2"}],"replies":[{"embeddable":true,"href":"https:\/\/www.tucomarca.com\/wordpress\/segunda\/wp-json\/wp\/v2\/comments?post=18644"}],"version-history":[{"count":0,"href":"https:\/\/www.tucomarca.com\/wordpress\/segunda\/wp-json\/wp\/v2\/posts\/18644\/revisions"}],"wp:featuredmedia":[{"embeddable":true,"href":"https:\/\/www.tucomarca.com\/wordpress\/segunda\/wp-json\/wp\/v2\/media\/18661"}],"wp:attachment":[{"href":"https:\/\/www.tucomarca.com\/wordpress\/segunda\/wp-json\/wp\/v2\/media?parent=18644"}],"wp:term":[{"taxonomy":"category","embeddable":true,"href":"https:\/\/www.tucomarca.com\/wordpress\/segunda\/wp-json\/wp\/v2\/categories?post=18644"},{"taxonomy":"post_tag","embeddable":true,"href":"https:\/\/www.tucomarca.com\/wordpress\/segunda\/wp-json\/wp\/v2\/tags?post=18644"}],"curies":[{"name":"wp","href":"https:\/\/api.w.org\/{rel}","templated":true}]}}