{"id":186547,"date":"2023-05-23T13:00:00","date_gmt":"2023-05-23T12:00:00","guid":{"rendered":"https:\/\/www.tucomarca.com\/wordpress\/segunda\/?p=186547"},"modified":"2023-05-24T09:14:59","modified_gmt":"2023-05-24T08:14:59","slug":"opinion-julio-iglesias-o-miquel-navarro-por-robert-raga","status":"publish","type":"post","link":"https:\/\/www.tucomarca.com\/wordpress\/segunda\/opinion-julio-iglesias-o-miquel-navarro-por-robert-raga\/","title":{"rendered":"Opini\u00f3n: \u00abJulio Iglesias o Miquel Navarro\u00bb, por Robert Raga \u00a0"},"content":{"rendered":"\n<figure class=\"wp-block-image size-full is-resized\"><img loading=\"lazy\" decoding=\"async\" src=\"https:\/\/www.tucomarca.com\/wordpress\/segunda\/wp-content\/uploads\/2023\/05\/RobertRaga2.jpg\" alt=\"\" class=\"wp-image-186551\" width=\"275\" height=\"183\" srcset=\"https:\/\/www.tucomarca.com\/wordpress\/segunda\/wp-content\/uploads\/2023\/05\/RobertRaga2.jpg 707w, https:\/\/www.tucomarca.com\/wordpress\/segunda\/wp-content\/uploads\/2023\/05\/RobertRaga2-300x200.jpg 300w\" sizes=\"auto, (max-width: 275px) 100vw, 275px\" \/><\/figure>\n\n\n\n<p>\u201cCuando oigo la palabra cultura, echo mano a la pistola\u201d. Se trata de una frase denigrante y soez que la leyenda atribuye al militar Mill\u00e1n Astray, fundador de la Legi\u00f3n, procurador en Cortes franquista y amigo personal del dictador. Sin duda, se trata de una afirmaci\u00f3n incapaz de superar el filtro de cualquier persona con un m\u00ednimo sentido com\u00fan que, sin embargo, anida todav\u00eda en demasiados cerebros de la derecha. En Riba-roja de T\u00faria, hemos vivido, los d\u00edas previos a la campa\u00f1a electoral, algunas situaciones que nos han trasladado en el tiempo a una \u00e9poca que cre\u00edamos olvidada, ciertamente. &nbsp;<\/p>\n\n\n\n<p>Los hechos estigmatizan a pulso a aquellos que intentan acreditar una hoja de presentaci\u00f3n impoluta mancillada a fuego lento por la mentira, la falsedad y la hipocres\u00eda. Es triste que todav\u00eda haya gente que intente desacreditar a uno de nuestros m\u00e1s insignes escultores y artistas valencianos, Miquel Navarro, natural de Mislata y de renombre internacional, pero con fuertes lazos familiares con Riba-roja de T\u00faria. &nbsp;<\/p>\n\n\n\n<p>Con un bagaje art\u00edstico prol\u00edfico en su composici\u00f3n e imbatible entre expertos y estudiosos, Miquel Navarro ha expuesto una de sus obras en el Espai d\u2019Art Contemporani (ECA) del Castell y, adem\u00e1s, desde el ayuntamiento hemos instalado una de sus magn\u00edficas esculturas en una rotonda de acceso al municipio, dentro del denominado Passeig de l\u2019Art, que transcurre desde el Molinet al cam\u00ed de les \u00c0nimes. Sin embargo, el Partido Popular, la derecha de siempre, se ha dedicado a denigrar la obra y a hablar de gastos fastuosos de tan magna escultura. M\u00e1s lejos de la realidad.&nbsp;<\/p>\n\n\n\n<p>La escultura ya fue en su d\u00eda alabada por el Partido Popular de Rita Barber\u00e0 que la quer\u00eda para Val\u00e8ncia. Adem\u00e1s, al municipio no nos ha costado ni un c\u00e9ntimo, gracias a los fondos de Cooperaci\u00f3n de la Generalitat Valenciana y la Diputaci\u00f3. Quiz\u00e1s la derecha echa de menos aquellos fastos del verano del a\u00f1o 2002, cuando Julio Iglesias ofreci\u00f3 un concierto en la explanada del r\u00edo por la \u201cm\u00f3dica\u201d cifra de 300.000 euros pagados por sus amigos los empresarios de forma \u201caltruista\u201d. El tiempo coloca a cada cual en su sitio. Sus gustos culturales permanecen hier\u00e1ticos. <\/p>\n\n\n\n<p><strong><em>Robert Raga es alcalde de Riba-roja de Turia.\u00a0<\/em><\/strong><\/p>\n","protected":false},"excerpt":{"rendered":"<div class=\"mh-excerpt\">\u201cCuando oigo la palabra cultura, echo mano a la pistola\u201d. Se trata de una frase denigrante y soez que la leyenda atribuye al militar Mill\u00e1n Astray, fundador de la Legi\u00f3n, procurador en Cortes franquista y <a class=\"mh-excerpt-more\" href=\"https:\/\/www.tucomarca.com\/wordpress\/segunda\/opinion-julio-iglesias-o-miquel-navarro-por-robert-raga\/\" title=\"Opini\u00f3n: \u00abJulio Iglesias o Miquel Navarro\u00bb, por Robert Raga \u00a0\">[+] <\/a><\/div>\n","protected":false},"author":12,"featured_media":186551,"comment_status":"open","ping_status":"open","sticky":false,"template":"","format":"standard","meta":{"footnotes":""},"categories":[46,8,30,90,142,182,3],"tags":[10395,11603,15023],"class_list":{"0":"post-186547","1":"post","2":"type-post","3":"status-publish","4":"format-standard","5":"has-post-thumbnail","7":"category-camp-de-turia","8":"category-la-comarca","9":"category-opinion","10":"category-opinion-opinion","11":"category-politica-la-comarca","12":"category-riba-roja","13":"category-seccion","14":"tag-camp-de-turia","15":"tag-pspv-psoe-riba-roja","16":"tag-riba-roja-de-turia"},"_links":{"self":[{"href":"https:\/\/www.tucomarca.com\/wordpress\/segunda\/wp-json\/wp\/v2\/posts\/186547","targetHints":{"allow":["GET"]}}],"collection":[{"href":"https:\/\/www.tucomarca.com\/wordpress\/segunda\/wp-json\/wp\/v2\/posts"}],"about":[{"href":"https:\/\/www.tucomarca.com\/wordpress\/segunda\/wp-json\/wp\/v2\/types\/post"}],"author":[{"embeddable":true,"href":"https:\/\/www.tucomarca.com\/wordpress\/segunda\/wp-json\/wp\/v2\/users\/12"}],"replies":[{"embeddable":true,"href":"https:\/\/www.tucomarca.com\/wordpress\/segunda\/wp-json\/wp\/v2\/comments?post=186547"}],"version-history":[{"count":0,"href":"https:\/\/www.tucomarca.com\/wordpress\/segunda\/wp-json\/wp\/v2\/posts\/186547\/revisions"}],"wp:featuredmedia":[{"embeddable":true,"href":"https:\/\/www.tucomarca.com\/wordpress\/segunda\/wp-json\/wp\/v2\/media\/186551"}],"wp:attachment":[{"href":"https:\/\/www.tucomarca.com\/wordpress\/segunda\/wp-json\/wp\/v2\/media?parent=186547"}],"wp:term":[{"taxonomy":"category","embeddable":true,"href":"https:\/\/www.tucomarca.com\/wordpress\/segunda\/wp-json\/wp\/v2\/categories?post=186547"},{"taxonomy":"post_tag","embeddable":true,"href":"https:\/\/www.tucomarca.com\/wordpress\/segunda\/wp-json\/wp\/v2\/tags?post=186547"}],"curies":[{"name":"wp","href":"https:\/\/api.w.org\/{rel}","templated":true}]}}