{"id":18659,"date":"2013-10-11T15:18:34","date_gmt":"2013-10-11T12:18:34","guid":{"rendered":"http:\/\/www.tucomarca.com\/wordpress\/segunda\/?p=18659"},"modified":"2013-10-11T15:18:34","modified_gmt":"2013-10-11T12:18:34","slug":"los-viticultores-valencianos-cuentan-con-una-nueva-linea-para-asegurar-sus-cosechas-de-uvas","status":"publish","type":"post","link":"https:\/\/www.tucomarca.com\/wordpress\/segunda\/los-viticultores-valencianos-cuentan-con-una-nueva-linea-para-asegurar-sus-cosechas-de-uvas\/","title":{"rendered":"Los viticultores valencianos cuentan con una nueva l\u00ednea para asegurar sus cosechas de uvas"},"content":{"rendered":"<p>Los viticultores de las comarcas vin\u00edcolas de la Comunidad Valenciana cuentan con una nueva opci\u00f3n del seguro agrario de uva para vino que da cobertura a numerosos fen\u00f3menos atmosf\u00e9ricos. Concretamente a partir del d\u00eda primero de este mes el Ministerio de Agricultura ha puesto en marcha una nueva l\u00ednea de aseguramiento para el vi\u00f1edo que se denomina \u201cSeguro base con garant\u00edas adicionales\u201d que tiene dos periodos de contrataci\u00f3n. Esta nueva l\u00ednea da cobertura a la producci\u00f3n de uva para vinificaci\u00f3n contra los riesgos de pedrisco, helada y marchitez fisiol\u00f3gica que producen mermas en las cosechas.<\/p>\n<p>Tambi\u00e9n da cobertura a los riesgos como los da\u00f1os producidos por la fauna silvestre, incendios e inundaciones provocadas por lluvias torrenciales o persistentes.<\/p>\n<p>Otras adversidades cubiertas por la nueva l\u00ednea de seguro incluyen la sequ\u00eda y las plagas y enfermedades que produci\u00e9ndose de forma generalizada no pueden ser controladas por los agricultores.<\/p>\n<p>El seguro del vi\u00f1edo de oto\u00f1o est\u00e1 muy subvencionado por el Ministerio de Agricultura y dependiendo de las opciones que contraten los agricultores, oscilan entre el 27 y el 59% sobre el coste del seguro. Informa, <strong>Luis Ib\u00e1\u00f1ez<\/strong>.<\/p>\n","protected":false},"excerpt":{"rendered":"<div class=\"mh-excerpt\">Los viticultores de las comarcas vin\u00edcolas de la Comunidad Valenciana cuentan con una nueva opci\u00f3n del seguro agrario de uva para vino que da cobertura a numerosos fen\u00f3menos atmosf\u00e9ricos. Concretamente a partir del d\u00eda primero <a class=\"mh-excerpt-more\" href=\"https:\/\/www.tucomarca.com\/wordpress\/segunda\/los-viticultores-valencianos-cuentan-con-una-nueva-linea-para-asegurar-sus-cosechas-de-uvas\/\" title=\"Los viticultores valencianos cuentan con una nueva l\u00ednea para asegurar sus cosechas de uvas\">[+] <\/a><\/div>\n","protected":false},"author":1,"featured_media":0,"comment_status":"open","ping_status":"open","sticky":false,"template":"","format":"standard","meta":{"footnotes":""},"categories":[8,117,27,3],"tags":[],"class_list":{"0":"post-18659","1":"post","2":"type-post","3":"status-publish","4":"format-standard","6":"category-la-comarca","7":"category-medio-ambiente-la-comarca","8":"category-requena-utiel","9":"category-seccion"},"_links":{"self":[{"href":"https:\/\/www.tucomarca.com\/wordpress\/segunda\/wp-json\/wp\/v2\/posts\/18659","targetHints":{"allow":["GET"]}}],"collection":[{"href":"https:\/\/www.tucomarca.com\/wordpress\/segunda\/wp-json\/wp\/v2\/posts"}],"about":[{"href":"https:\/\/www.tucomarca.com\/wordpress\/segunda\/wp-json\/wp\/v2\/types\/post"}],"author":[{"embeddable":true,"href":"https:\/\/www.tucomarca.com\/wordpress\/segunda\/wp-json\/wp\/v2\/users\/1"}],"replies":[{"embeddable":true,"href":"https:\/\/www.tucomarca.com\/wordpress\/segunda\/wp-json\/wp\/v2\/comments?post=18659"}],"version-history":[{"count":0,"href":"https:\/\/www.tucomarca.com\/wordpress\/segunda\/wp-json\/wp\/v2\/posts\/18659\/revisions"}],"wp:attachment":[{"href":"https:\/\/www.tucomarca.com\/wordpress\/segunda\/wp-json\/wp\/v2\/media?parent=18659"}],"wp:term":[{"taxonomy":"category","embeddable":true,"href":"https:\/\/www.tucomarca.com\/wordpress\/segunda\/wp-json\/wp\/v2\/categories?post=18659"},{"taxonomy":"post_tag","embeddable":true,"href":"https:\/\/www.tucomarca.com\/wordpress\/segunda\/wp-json\/wp\/v2\/tags?post=18659"}],"curies":[{"name":"wp","href":"https:\/\/api.w.org\/{rel}","templated":true}]}}