{"id":18670,"date":"2013-10-11T15:27:56","date_gmt":"2013-10-11T12:27:56","guid":{"rendered":"http:\/\/www.tucomarca.com\/wordpress\/segunda\/?p=18670"},"modified":"2013-10-11T15:27:56","modified_gmt":"2013-10-11T12:27:56","slug":"psicologia-clinica-de-manises-detecta-cada-vez-mas-el-sindrome-del-%e2%80%9cabuelo-esclavo%e2%80%9d","status":"publish","type":"post","link":"https:\/\/www.tucomarca.com\/wordpress\/segunda\/psicologia-clinica-de-manises-detecta-cada-vez-mas-el-sindrome-del-%e2%80%9cabuelo-esclavo%e2%80%9d\/","title":{"rendered":"Psicolog\u00eda Cl\u00ednica de Manises detecta cada vez m\u00e1s el s\u00edndrome del \u201cabuelo esclavo\u201d"},"content":{"rendered":"<p>Pacientes mayores estresados. Es el fen\u00f3meno que detectan cada vez m\u00e1s los especialistas de Psicolog\u00eda Cl\u00ednica del Hospital de Manises en sus consultas. Se trata del s\u00edndrome del \u2018abuelo esclavo\u2019, un conjunto de s\u00edntomas psicol\u00f3gicos y f\u00edsicos que est\u00e1n sufriendo las personas mayores como consecuencia de los cambios sociales. Un problema a nivel psicol\u00f3gico pero que, seg\u00fan alertan los expertos, tambi\u00e9n puede tener graves consecuencias f\u00edsicas.<\/p>\n<p>\u201cLos principales s\u00edntomas f\u00edsicos consisten en agotamiento, falta de energ\u00eda, dolor cr\u00f3nico, hipertensi\u00f3n arterial e, incluso, descompensaci\u00f3n de enfermedades cr\u00f3nicas como la diabetes\u201d, explica Maria Jos\u00e9 Fern\u00e1ndez Carbonell, psic\u00f3loga cl\u00ednica del centro hospitalario. A nivel psicol\u00f3gico aparece la tristeza, la irritabilidad, la p\u00e9rdida del sentimiento de disfrute, la falta de atenci\u00f3n y el insomnio. \u201cEn definitiva, un estado de preocupaci\u00f3n y ansiedad constantes que se refleja en el aumento o p\u00e9rdida de apetito y la baja autoestima\u201d, destaca Fern\u00e1ndez Carbonell.<\/p>\n<p><strong>Mujeres, m\u00e1s vulnerables<\/strong><\/p>\n<p>Tal como explican los expertos de Manises, las mujeres a partir de 50 a\u00f1os son m\u00e1s vulnerables a desarrollar el s\u00edndrome. \u201cSuelen ser mujeres con determinadas caracter\u00edsticas de personalidad, como hiperresponsabilidad y elevada autoexigencia, dificultad para ser asertivas o reivindicar sus propios derechos. Adem\u00e1s, tienden a tener una preocupaci\u00f3n excesiva por el bienestar de su familia, las cuales adem\u00e1s han debido afrontar cambios sociales y econ\u00f3micos que han afectado a su funcionamiento y din\u00e1mica familiar\u201d, detalla Mar\u00eda Jos\u00e9 Fern\u00e1ndez.<\/p>\n<p>Son mujeres, seg\u00fan los expertos, que han sido activas en el mundo laboral o son sacrificadas amas de casa cuyos hijos, como consecuencia de la crisis, sufren condiciones laborales (horarios complicados, sobrecarga laboral\u2026) que les impiden cuidar directamente de sus propios hijos.<\/p>\n<p><strong>M\u00e1s grave en familias sin recursos<\/strong><\/p>\n<p>La crisis econ\u00f3mica est\u00e1 siendo uno de los potenciadotes de este s\u00edndrome, ya que la escasez de recursos econ\u00f3micos dificulta a muchas familias beneficiarse de servicios de canguro o guarder\u00edas que constituir\u00edan un apoyo instrumental importante en estas situaciones. \u201cAunque el s\u00edndrome del abuelo esclavo puede aparecer en cualquier clase social o econ\u00f3mica, su gravedad es mucho mayor en familias de un estrato socioecon\u00f3mico bajo donde las penurias econ\u00f3micas hacen m\u00e1s mella y donde no es raro encontrar varias generaciones de familiares viviendo bajo el mismo techo con todo el c\u00famulo de estr\u00e9s psicol\u00f3gico que ello conlleva\u201d, a\u00f1ade la psic\u00f3loga cl\u00ednica del Hospital de Manises.<\/p>\n<p><strong>Peligro de no buscar ayuda<\/strong><\/p>\n<p>Si una persona mayor se encuentra en esta situaci\u00f3n debe consular a su m\u00e9dico de cabecera y solicitar la ayuda de un psic\u00f3logo. Si embargo, en la mayor\u00eda de los casos se tiende a relativizar la situaci\u00f3n y quitar importancia a su sufrimiento \u201clo que ocasiona que en muchas ocasiones se detecte tard\u00edamente\u201d, destaca Fern\u00e1ndez Carbonell. \u201cA diferencia de la poblaci\u00f3n m\u00e1s joven que solicita de motu proprio atenci\u00f3n psicol\u00f3gica cuando sufre, el anciano\/anciana es m\u00e1s frecuente que se queje de dolor f\u00edsico que de dolor emocional y por tanto suelen ser los propios m\u00e9dicos de atenci\u00f3n primaria quienes, tras valorar las dolencias f\u00edsicas de los ancianos, intuyen la existencia de un sufrimiento ps\u00edquico enmascarado y derivan a estos mayores a las Unidades de Salud Mental\u201d, explica.<\/p>\n<p>Algunos consejos recomendables para que los ancianos puedan disminuir su nivel de sobrecarga es cuidar de su salud f\u00edsica y mental, tomarse tiempo cada d\u00eda para s\u00ed mismos, dormir y alimentarse bien, planificar su tiempo, cultivar las relaciones sociales y dialogar con sus familias para establecer un reparto equitativo de las tareas del hogar y del cuidado de la familia.<\/p>\n","protected":false},"excerpt":{"rendered":"<div class=\"mh-excerpt\">Pacientes mayores estresados. Es el fen\u00f3meno que detectan cada vez m\u00e1s los especialistas de Psicolog\u00eda Cl\u00ednica del Hospital de Manises en sus consultas. Se trata del s\u00edndrome del \u2018abuelo esclavo\u2019, un conjunto de s\u00edntomas psicol\u00f3gicos <a class=\"mh-excerpt-more\" href=\"https:\/\/www.tucomarca.com\/wordpress\/segunda\/psicologia-clinica-de-manises-detecta-cada-vez-mas-el-sindrome-del-%e2%80%9cabuelo-esclavo%e2%80%9d\/\" title=\"Psicolog\u00eda Cl\u00ednica de Manises detecta cada vez m\u00e1s el s\u00edndrome del \u201cabuelo esclavo\u201d\">[+] <\/a><\/div>\n","protected":false},"author":1,"featured_media":0,"comment_status":"open","ping_status":"open","sticky":false,"template":"","format":"standard","meta":{"footnotes":""},"categories":[119,8,72,10],"tags":[],"class_list":{"0":"post-18670","1":"post","2":"type-post","3":"status-publish","4":"format-standard","6":"category-sanidad-la-comarca","7":"category-la-comarca","8":"category-sin-categorizar","9":"category-la-hoya"},"_links":{"self":[{"href":"https:\/\/www.tucomarca.com\/wordpress\/segunda\/wp-json\/wp\/v2\/posts\/18670","targetHints":{"allow":["GET"]}}],"collection":[{"href":"https:\/\/www.tucomarca.com\/wordpress\/segunda\/wp-json\/wp\/v2\/posts"}],"about":[{"href":"https:\/\/www.tucomarca.com\/wordpress\/segunda\/wp-json\/wp\/v2\/types\/post"}],"author":[{"embeddable":true,"href":"https:\/\/www.tucomarca.com\/wordpress\/segunda\/wp-json\/wp\/v2\/users\/1"}],"replies":[{"embeddable":true,"href":"https:\/\/www.tucomarca.com\/wordpress\/segunda\/wp-json\/wp\/v2\/comments?post=18670"}],"version-history":[{"count":0,"href":"https:\/\/www.tucomarca.com\/wordpress\/segunda\/wp-json\/wp\/v2\/posts\/18670\/revisions"}],"wp:attachment":[{"href":"https:\/\/www.tucomarca.com\/wordpress\/segunda\/wp-json\/wp\/v2\/media?parent=18670"}],"wp:term":[{"taxonomy":"category","embeddable":true,"href":"https:\/\/www.tucomarca.com\/wordpress\/segunda\/wp-json\/wp\/v2\/categories?post=18670"},{"taxonomy":"post_tag","embeddable":true,"href":"https:\/\/www.tucomarca.com\/wordpress\/segunda\/wp-json\/wp\/v2\/tags?post=18670"}],"curies":[{"name":"wp","href":"https:\/\/api.w.org\/{rel}","templated":true}]}}