{"id":186787,"date":"2023-05-25T14:00:00","date_gmt":"2023-05-25T13:00:00","guid":{"rendered":"https:\/\/www.tucomarca.com\/wordpress\/segunda\/?p=186787"},"modified":"2023-05-25T14:22:01","modified_gmt":"2023-05-25T13:22:01","slug":"el-levante-ud-inicia-la-cuenta-atras-para-dejar-bunol-tras-obtener-la-licencia-para-su-nueva-ciudad-deportiva-en-valencia","status":"publish","type":"post","link":"https:\/\/www.tucomarca.com\/wordpress\/segunda\/el-levante-ud-inicia-la-cuenta-atras-para-dejar-bunol-tras-obtener-la-licencia-para-su-nueva-ciudad-deportiva-en-valencia\/","title":{"rendered":"El Levante UD inicia la cuenta atr\u00e1s para dejar Bu\u00f1ol tras obtener la licencia para su nueva Ciudad Deportiva en Valencia"},"content":{"rendered":"\n<p>El Ayuntamiento de Valencia ha hecho p\u00fablico que este jueves ha concedido la licencia al Levante UD para la construcci\u00f3n de su nueva Ciudad Deportiva en el barrio de Nazaret, lo que en la pr\u00e1ctica significa que se ha iniciado ya la cuenta atr\u00e1s para el comienzo de las obras as\u00ed como para abandonar las actuales instalaciones que la entidad deportiva posee en el t\u00e9rmino municipal de Bu\u00f1ol.<\/p>\n\n\n\n<p>El propio alcalde de Valencia, Joan Rib\u00f3, ha manifestado en varios medios de comunicaci\u00f3n que el Levante UD es \u00abuno de los dos equipos de la ciudad de Valencia; por lo que estamos muy contentos con la idea de que todas las instalaciones est\u00e9n aqu\u00ed y no se tengan que desplazar cada d\u00eda hasta Bu\u00f1ol. Adem\u00e1s es una gran noticia que se lleven todas las instalaciones desde Bu\u00f1ol a una zona de Valencia con la que el club tiene un especial arraigo\u00bb.<\/p>\n\n\n\n<p>Seg\u00fan ya adelant\u00f3 el club granota, las nuevas instalaciones deportivas contar\u00e1n con un mini estadio para 2.500 espectadores as\u00ed como siete campos de f\u00fatbol y un edificio para actividades sociales y administrativas.<\/p>\n","protected":false},"excerpt":{"rendered":"<div class=\"mh-excerpt\">El Ayuntamiento de Valencia ha hecho p\u00fablico que este jueves ha concedido la licencia al Levante UD para la construcci\u00f3n de su nueva Ciudad Deportiva en el barrio de Nazaret, lo que en la pr\u00e1ctica <a class=\"mh-excerpt-more\" href=\"https:\/\/www.tucomarca.com\/wordpress\/segunda\/el-levante-ud-inicia-la-cuenta-atras-para-dejar-bunol-tras-obtener-la-licencia-para-su-nueva-ciudad-deportiva-en-valencia\/\" title=\"El Levante UD inicia la cuenta atr\u00e1s para dejar Bu\u00f1ol tras obtener la licencia para su nueva Ciudad Deportiva en Valencia\">[+] <\/a><\/div>\n","protected":false},"author":1,"featured_media":47705,"comment_status":"open","ping_status":"open","sticky":false,"template":"","format":"standard","meta":{"footnotes":""},"categories":[18,50,6,128,8,72,10,142,3,45],"tags":[10379,5952,19299],"class_list":{"0":"post-186787","1":"post","2":"type-post","3":"status-publish","4":"format-standard","5":"has-post-thumbnail","7":"category-bunol","8":"category-futbol-deportes","9":"category-deportes","10":"category-infraestructuras","11":"category-la-comarca","12":"category-sin-categorizar","13":"category-la-hoya","14":"category-politica-la-comarca","15":"category-seccion","16":"category-ventana","17":"tag-deportes","18":"tag-la-hoya-de-bunol-chiva","19":"tag-levante-ud-2"},"_links":{"self":[{"href":"https:\/\/www.tucomarca.com\/wordpress\/segunda\/wp-json\/wp\/v2\/posts\/186787","targetHints":{"allow":["GET"]}}],"collection":[{"href":"https:\/\/www.tucomarca.com\/wordpress\/segunda\/wp-json\/wp\/v2\/posts"}],"about":[{"href":"https:\/\/www.tucomarca.com\/wordpress\/segunda\/wp-json\/wp\/v2\/types\/post"}],"author":[{"embeddable":true,"href":"https:\/\/www.tucomarca.com\/wordpress\/segunda\/wp-json\/wp\/v2\/users\/1"}],"replies":[{"embeddable":true,"href":"https:\/\/www.tucomarca.com\/wordpress\/segunda\/wp-json\/wp\/v2\/comments?post=186787"}],"version-history":[{"count":0,"href":"https:\/\/www.tucomarca.com\/wordpress\/segunda\/wp-json\/wp\/v2\/posts\/186787\/revisions"}],"wp:featuredmedia":[{"embeddable":true,"href":"https:\/\/www.tucomarca.com\/wordpress\/segunda\/wp-json\/wp\/v2\/media\/47705"}],"wp:attachment":[{"href":"https:\/\/www.tucomarca.com\/wordpress\/segunda\/wp-json\/wp\/v2\/media?parent=186787"}],"wp:term":[{"taxonomy":"category","embeddable":true,"href":"https:\/\/www.tucomarca.com\/wordpress\/segunda\/wp-json\/wp\/v2\/categories?post=186787"},{"taxonomy":"post_tag","embeddable":true,"href":"https:\/\/www.tucomarca.com\/wordpress\/segunda\/wp-json\/wp\/v2\/tags?post=186787"}],"curies":[{"name":"wp","href":"https:\/\/api.w.org\/{rel}","templated":true}]}}