{"id":186825,"date":"2023-05-25T14:14:00","date_gmt":"2023-05-25T13:14:00","guid":{"rendered":"https:\/\/www.tucomarca.com\/wordpress\/segunda\/?p=186825"},"modified":"2023-05-25T21:29:22","modified_gmt":"2023-05-25T20:29:22","slug":"riba-roja-de-turia-aprueba-otros-6-contratos-publicos-por-valor-de-48-millones-de-euros","status":"publish","type":"post","link":"https:\/\/www.tucomarca.com\/wordpress\/segunda\/riba-roja-de-turia-aprueba-otros-6-contratos-publicos-por-valor-de-48-millones-de-euros\/","title":{"rendered":"Riba-roja de T\u00faria aprueba otros 6 contratos p\u00fablicos por valor de 4\u20198 millones de euros"},"content":{"rendered":"\n<h4 class=\"wp-block-heading\">Un valor de 4\u20198 millones de euros para financiar proyectos municipales que permitir\u00e1n concluir las obras del centro polivalente paralizadas una d\u00e9cada&nbsp;<\/h4>\n\n\n\n<h4 class=\"wp-block-heading\">El equipo de gobierno da cuenta al pleno de las inversiones que alcanzan los 25 millones de euros anuales en las que el centro polivalente albergar\u00e1 el nuevo Conservatorio municipal de Danza<\/h4>\n\n\n\n<figure class=\"wp-block-image size-full\"><img loading=\"lazy\" decoding=\"async\" width=\"1024\" height=\"576\" src=\"https:\/\/www.tucomarca.com\/wordpress\/segunda\/wp-content\/uploads\/2023\/05\/RibaConservatorio4.jpg\" alt=\"\" class=\"wp-image-186832\" srcset=\"https:\/\/www.tucomarca.com\/wordpress\/segunda\/wp-content\/uploads\/2023\/05\/RibaConservatorio4.jpg 1024w, https:\/\/www.tucomarca.com\/wordpress\/segunda\/wp-content\/uploads\/2023\/05\/RibaConservatorio4-300x169.jpg 300w, https:\/\/www.tucomarca.com\/wordpress\/segunda\/wp-content\/uploads\/2023\/05\/RibaConservatorio4-768x432.jpg 768w, https:\/\/www.tucomarca.com\/wordpress\/segunda\/wp-content\/uploads\/2023\/05\/RibaConservatorio4-678x381.jpg 678w\" sizes=\"auto, (max-width: 1024px) 100vw, 1024px\" \/><\/figure>\n\n\n\n<p>El Ayuntamiento de Riba-roja de T\u00faria ha incluido otros 6 proyectos en el Plan de Contrataci\u00f3n de 2023 por un valor global de 4\u20198 millones de euros que se a\u00f1adir\u00e1n, a su vez, a los 4\u20193 millones refrendados en abril y a los otros 16\u20196 millones de euros aprobados a finales del pasado a\u00f1o para ejecutar durante el presente ejercicio. De esta forma, el volumen de inversiones previstas para el a\u00f1o 2023 asciende a los 25\u20197 millones de euros. &nbsp;<\/p>\n\n\n\n<p>La sesi\u00f3n plenaria de Riba-roja de T\u00faria ha servido para hacer p\u00fablicos los proyectos y las inversions que se a\u00f1adir\u00e1n al actual Plan de Contrataci\u00f3n de 2023 aprobado a finales del pasado a\u00f1o por un valor de 16\u20196 millones de euros. En total, el pleno ha incluido diversos proyectos correspondientes a las \u00e1reas de Medio Ambiente, Urbanismo, Juventud, Comit\u00e9 Antifraude y Obras y Servicios por un valor de los referidos 4\u20198 millones de euros.&nbsp;<\/p>\n\n\n\n<p>De entre todos los proyectos que se financiar\u00e1n con el Plan de Contrataci\u00f3n destacan los 4\u20197 millones de euros que se han destinado a las obras de finalizaci\u00f3n del centro polivalente cultural de Riba-roja de T\u00faria, financiado conjuntamente entre el Ayuntamiento de Riba-roja de T\u00faria y la Generalitat Valenciana. Estas obras permanecen paralizadas desde el a\u00f1o 2010 y que, en su momento, estaban incluidas en el denominado Plan Confianza. El centro albergar\u00e1 el nuevo conservatorio municipal de Danza.&nbsp;<\/p>\n\n\n\n<p>Las obras de finalizaci\u00f3n de esta infraestructura se iniciar\u00e1n a lo largo del presente a\u00f1o 2023 y se prolongar\u00e1n hasta el a\u00f1o 2025, ejercicio en el que est\u00e1 previsto que se puedan poner en marcha estas instalaciones que albergar\u00e1n en su interior el futuro Centro de Danza, una Casa de Cultura, dos conservatorios y un auditorio de tal forma que se pueda cubrir las demandas y las necesidades de la localidad en esta materia.&nbsp;<\/p>\n\n\n\n<p>Adem\u00e1s, el pleno incorpora en el \u00e1rea de Medio Ambiente una adecuaci\u00f3n en el puente del r\u00edo T\u00faria por valor de 30.000 euros, a los que se a\u00f1adir\u00e1n diversos proyectos para la redacci\u00f3n de proyectos que se llevar\u00e1n a cabo en los pol\u00edgonos industriales, en especial para la construcci\u00f3n de nuevas glorietas, reordenaci\u00f3n del tr\u00e1fico viario o acondicionamiento de parcelas p\u00fablicas, entre otros.&nbsp;<\/p>\n\n\n\n<p>El \u00e1rea de Joventut ha dispuesto la adquisici\u00f3n de ordenadores y material inform\u00e1tico en el edificio del Centro de Informaci\u00f3n Juvenil (CIJ) por valor de 17.768 euros o los servicios de divulgaci\u00f3n, capacitaci\u00f3n y formaci\u00f3n relacionados con los procedimientos de gesti\u00f3n y en el modelo de control de las iniciativas planteadas en el acuerdo, con un montante global de 12.700 euros, de forma que ambos conceptos alcanzan los 30.400 euros.&nbsp;<\/p>\n\n\n\n<p>El Plan de Contrataci\u00f3n del Ayuntamiento de Riba-roja de T\u00faria se completar\u00e1 con otros proyectos previstos para este mismo a\u00f1o con el \u00e1rea de Obras y Servicios consistente en la contrataci\u00f3n del servicio de reparaci\u00f3n o sustituci\u00f3n de las puertas de salidas de emergencias del auditorio municipal valorado en un total de 9.975 euros en total. A esta cantidad se a\u00f1aden los referidos 4\u20197 millones de euros que se destinar\u00e1n a las obras de finalizaci\u00f3n del centro polivalente por otros 4\u20197 millones de euros.&nbsp;<\/p>\n\n\n\n<p>Los contratos incluidos en la ampliaci\u00f3n del pleno anterior est\u00e1n referidos a los 2\u20197 millones de euros del contrato de limpieza y mantenimiento de los pol\u00edgonos industriales, limpieza de barrancos y prevenci\u00f3n de incendios por 90.000 euros, adem\u00e1s de 1 mill\u00f3n de euros para el contrato de limpieza de los colegios p\u00fablicos de Riba-roja de T\u00faria o los 350.000 euros en reasfaltado, urbanizaci\u00f3n de algunas zonas o el servicio de publicidad y difusi\u00f3n de informaci\u00f3n municipal.&nbsp;<\/p>\n\n\n\n<p>El alcalde de Riba-roja de T\u00faria, Robert Raga, ha afirmado que estas inversiones incluidas en el Plan de Contrataci\u00f3n de 2023 \u201cson muy importantes para continuar dotando a la localidad de los servicios p\u00fablicos necesarios en determinados departamentos y \u00e1reas municipales, y, adem\u00e1s, permitir\u00e1 concluir un proyecto pendiente desde hace una d\u00e9cada como el centro polivalente o en los pol\u00edgonos industriales. &nbsp;<\/p>\n","protected":false},"excerpt":{"rendered":"<div class=\"mh-excerpt\">Un valor de 4\u20198 millones de euros para financiar proyectos municipales que permitir\u00e1n concluir las obras del centro polivalente paralizadas una d\u00e9cada&nbsp; El equipo de gobierno da cuenta al pleno de las inversiones que alcanzan <a class=\"mh-excerpt-more\" href=\"https:\/\/www.tucomarca.com\/wordpress\/segunda\/riba-roja-de-turia-aprueba-otros-6-contratos-publicos-por-valor-de-48-millones-de-euros\/\" title=\"Riba-roja de T\u00faria aprueba otros 6 contratos p\u00fablicos por valor de 4\u20198 millones de euros\">[+] <\/a><\/div>\n","protected":false},"author":12,"featured_media":186828,"comment_status":"open","ping_status":"open","sticky":false,"template":"","format":"standard","meta":{"footnotes":""},"categories":[46,128,8,142,182,3],"tags":[10395,15023],"class_list":{"0":"post-186825","1":"post","2":"type-post","3":"status-publish","4":"format-standard","5":"has-post-thumbnail","7":"category-camp-de-turia","8":"category-infraestructuras","9":"category-la-comarca","10":"category-politica-la-comarca","11":"category-riba-roja","12":"category-seccion","13":"tag-camp-de-turia","14":"tag-riba-roja-de-turia"},"_links":{"self":[{"href":"https:\/\/www.tucomarca.com\/wordpress\/segunda\/wp-json\/wp\/v2\/posts\/186825","targetHints":{"allow":["GET"]}}],"collection":[{"href":"https:\/\/www.tucomarca.com\/wordpress\/segunda\/wp-json\/wp\/v2\/posts"}],"about":[{"href":"https:\/\/www.tucomarca.com\/wordpress\/segunda\/wp-json\/wp\/v2\/types\/post"}],"author":[{"embeddable":true,"href":"https:\/\/www.tucomarca.com\/wordpress\/segunda\/wp-json\/wp\/v2\/users\/12"}],"replies":[{"embeddable":true,"href":"https:\/\/www.tucomarca.com\/wordpress\/segunda\/wp-json\/wp\/v2\/comments?post=186825"}],"version-history":[{"count":0,"href":"https:\/\/www.tucomarca.com\/wordpress\/segunda\/wp-json\/wp\/v2\/posts\/186825\/revisions"}],"wp:featuredmedia":[{"embeddable":true,"href":"https:\/\/www.tucomarca.com\/wordpress\/segunda\/wp-json\/wp\/v2\/media\/186828"}],"wp:attachment":[{"href":"https:\/\/www.tucomarca.com\/wordpress\/segunda\/wp-json\/wp\/v2\/media?parent=186825"}],"wp:term":[{"taxonomy":"category","embeddable":true,"href":"https:\/\/www.tucomarca.com\/wordpress\/segunda\/wp-json\/wp\/v2\/categories?post=186825"},{"taxonomy":"post_tag","embeddable":true,"href":"https:\/\/www.tucomarca.com\/wordpress\/segunda\/wp-json\/wp\/v2\/tags?post=186825"}],"curies":[{"name":"wp","href":"https:\/\/api.w.org\/{rel}","templated":true}]}}