{"id":186870,"date":"2023-05-26T21:05:08","date_gmt":"2023-05-26T20:05:08","guid":{"rendered":"https:\/\/www.tucomarca.com\/wordpress\/segunda\/?p=186870"},"modified":"2023-05-26T21:36:36","modified_gmt":"2023-05-26T20:36:36","slug":"unidas-podemos-bunol-celebra-su-mitin-final-de-campana-en-la-sala-el-mercado-de-la-localidad","status":"publish","type":"post","link":"https:\/\/www.tucomarca.com\/wordpress\/segunda\/unidas-podemos-bunol-celebra-su-mitin-final-de-campana-en-la-sala-el-mercado-de-la-localidad\/","title":{"rendered":"Unidas Podemos Bu\u00f1ol celebra su mitin final de campa\u00f1a en la sala El Mercado de la localidad"},"content":{"rendered":"\n<p>Unidas podemos de Bu\u00f1ol ha celebrado este pasado jueves su mitin fin de campa\u00f1a en la Sala El Mercado de la localidad, en el que se han expuesto los puntos m\u00e1s importantes de su programa electoral. <\/p>\n\n\n\n<p>El acto ha sido presentado por la candidata municipal Marina Bonillo; y en \u00e9l adem\u00e1s han participado la candidata auton\u00f3mica Mati Mas; as\u00ed como el candidato a la alcald\u00eda de Bu\u00f1ol, Chimo Masmano Ruiz. <\/p>\n\n\n\n<p>El acto tambi\u00e9n ha contado con la asistencia de Rosa P\u00e9rez Garijo, la Consellera de Participaci\u00f3n, Transparencia, Cooperaci\u00f3n y Calidad Democr\u00e1tica y tambi\u00e9n candidata auton\u00f3mica por la formaci\u00f3n.<\/p>\n\n\n\n<p>Durante el acto, los ponentes destacaron \u00abla importancia de reeditar el tercer Bot\u00e0nic para el desarrollo social, cultural y econ\u00f3mico de la comunidad y de proyectos pensados en la gente y no en las grandes corporaciones. De los logros conseguidos en materia de vivienda, memoria democr\u00e1tica y transparencia; siendo la primera comunidad en este sentido\u00bb.<\/p>\n\n\n\n<p>En el acto de campa\u00f1a tambi\u00e9n se destac\u00f3 \u00abla importancia de conseguir un gobierno de izquierdas en la localidad y la alcald\u00eda\u00bb; y se expusieron los principales proyectos e ideas en caso de gobernar de nuevo en la localidad, que entre otros son: \u00abla realizaci\u00f3n de obras en en el castillo tales como la taska-bar, el derribo de casas en ruinas y la construcci\u00f3n de una escalera met\u00e1lica a la torre del homenaje, todo un atractivo tur\u00edstico; creando una concejala espec\u00edfica para el castillo y para el barrio antiguo; as\u00ed como la construcci\u00f3n de una piscina cubierta, servicio que se tiene que volver a recuperar; la adquisici\u00f3n del cocher\u00f3n para casa de la juventud y la rehabilitaci\u00f3n del refugio antia\u00e9reo de la plaza del pueblo\u00bb, tal como ha destacado el candidato a la alcald\u00eda, Chimo Masmano Ruiz.<\/p>\n\n\n\n<p>Los participantes en el acto de campa\u00f1a tambi\u00e9n mostraron su \u00aboposici\u00f3n total a las macroplantas fotovoltaicas y la apuesta por el modelo de comunidades energ\u00e9ticas locales que se est\u00e1 desarrollando actualmente y que vamos a implantar como modelo de futuro sostenible\u00bb.<\/p>\n\n\n\n<figure class=\"wp-block-gallery has-nested-images columns-3 is-cropped wp-block-gallery-1 is-layout-flex wp-block-gallery-is-layout-flex\">\n<figure class=\"wp-block-image size-large\"><img loading=\"lazy\" decoding=\"async\" width=\"886\" height=\"1329\" data-id=\"186878\" src=\"https:\/\/www.tucomarca.com\/wordpress\/segunda\/wp-content\/uploads\/2023\/05\/EUMitinBunol02.jpg\" alt=\"\" class=\"wp-image-186878\" srcset=\"https:\/\/www.tucomarca.com\/wordpress\/segunda\/wp-content\/uploads\/2023\/05\/EUMitinBunol02.jpg 886w, https:\/\/www.tucomarca.com\/wordpress\/segunda\/wp-content\/uploads\/2023\/05\/EUMitinBunol02-200x300.jpg 200w, https:\/\/www.tucomarca.com\/wordpress\/segunda\/wp-content\/uploads\/2023\/05\/EUMitinBunol02-683x1024.jpg 683w, https:\/\/www.tucomarca.com\/wordpress\/segunda\/wp-content\/uploads\/2023\/05\/EUMitinBunol02-768x1152.jpg 768w\" sizes=\"auto, (max-width: 886px) 100vw, 886px\" \/><\/figure>\n\n\n\n<figure class=\"wp-block-image size-large\"><img loading=\"lazy\" decoding=\"async\" width=\"886\" height=\"1329\" data-id=\"186880\" src=\"https:\/\/www.tucomarca.com\/wordpress\/segunda\/wp-content\/uploads\/2023\/05\/EUMitinBunol03.jpg\" alt=\"\" class=\"wp-image-186880\" srcset=\"https:\/\/www.tucomarca.com\/wordpress\/segunda\/wp-content\/uploads\/2023\/05\/EUMitinBunol03.jpg 886w, https:\/\/www.tucomarca.com\/wordpress\/segunda\/wp-content\/uploads\/2023\/05\/EUMitinBunol03-200x300.jpg 200w, https:\/\/www.tucomarca.com\/wordpress\/segunda\/wp-content\/uploads\/2023\/05\/EUMitinBunol03-683x1024.jpg 683w, https:\/\/www.tucomarca.com\/wordpress\/segunda\/wp-content\/uploads\/2023\/05\/EUMitinBunol03-768x1152.jpg 768w\" sizes=\"auto, (max-width: 886px) 100vw, 886px\" \/><\/figure>\n\n\n\n<figure class=\"wp-block-image size-large\"><img loading=\"lazy\" decoding=\"async\" width=\"886\" height=\"1329\" data-id=\"186882\" src=\"https:\/\/www.tucomarca.com\/wordpress\/segunda\/wp-content\/uploads\/2023\/05\/EUMitinBunol04.jpg\" alt=\"\" class=\"wp-image-186882\" srcset=\"https:\/\/www.tucomarca.com\/wordpress\/segunda\/wp-content\/uploads\/2023\/05\/EUMitinBunol04.jpg 886w, https:\/\/www.tucomarca.com\/wordpress\/segunda\/wp-content\/uploads\/2023\/05\/EUMitinBunol04-200x300.jpg 200w, https:\/\/www.tucomarca.com\/wordpress\/segunda\/wp-content\/uploads\/2023\/05\/EUMitinBunol04-683x1024.jpg 683w, https:\/\/www.tucomarca.com\/wordpress\/segunda\/wp-content\/uploads\/2023\/05\/EUMitinBunol04-768x1152.jpg 768w\" sizes=\"auto, (max-width: 886px) 100vw, 886px\" \/><\/figure>\n\n\n\n<figure class=\"wp-block-image size-large\"><img loading=\"lazy\" decoding=\"async\" width=\"886\" height=\"591\" data-id=\"186884\" src=\"https:\/\/www.tucomarca.com\/wordpress\/segunda\/wp-content\/uploads\/2023\/05\/EUMitinBunol05.jpg\" alt=\"\" class=\"wp-image-186884\" srcset=\"https:\/\/www.tucomarca.com\/wordpress\/segunda\/wp-content\/uploads\/2023\/05\/EUMitinBunol05.jpg 886w, https:\/\/www.tucomarca.com\/wordpress\/segunda\/wp-content\/uploads\/2023\/05\/EUMitinBunol05-300x200.jpg 300w, https:\/\/www.tucomarca.com\/wordpress\/segunda\/wp-content\/uploads\/2023\/05\/EUMitinBunol05-768x512.jpg 768w\" sizes=\"auto, (max-width: 886px) 100vw, 886px\" \/><\/figure>\n\n\n\n<figure class=\"wp-block-image size-large\"><img loading=\"lazy\" decoding=\"async\" width=\"886\" height=\"591\" data-id=\"186876\" src=\"https:\/\/www.tucomarca.com\/wordpress\/segunda\/wp-content\/uploads\/2023\/05\/EUMitinBunol01.jpg\" alt=\"\" class=\"wp-image-186876\" srcset=\"https:\/\/www.tucomarca.com\/wordpress\/segunda\/wp-content\/uploads\/2023\/05\/EUMitinBunol01.jpg 886w, https:\/\/www.tucomarca.com\/wordpress\/segunda\/wp-content\/uploads\/2023\/05\/EUMitinBunol01-300x200.jpg 300w, https:\/\/www.tucomarca.com\/wordpress\/segunda\/wp-content\/uploads\/2023\/05\/EUMitinBunol01-768x512.jpg 768w\" sizes=\"auto, (max-width: 886px) 100vw, 886px\" \/><\/figure>\n\n\n\n<figure class=\"wp-block-image size-large\"><img loading=\"lazy\" decoding=\"async\" width=\"886\" height=\"591\" data-id=\"186886\" src=\"https:\/\/www.tucomarca.com\/wordpress\/segunda\/wp-content\/uploads\/2023\/05\/EUMitinBunol06.jpg\" alt=\"\" class=\"wp-image-186886\" srcset=\"https:\/\/www.tucomarca.com\/wordpress\/segunda\/wp-content\/uploads\/2023\/05\/EUMitinBunol06.jpg 886w, https:\/\/www.tucomarca.com\/wordpress\/segunda\/wp-content\/uploads\/2023\/05\/EUMitinBunol06-300x200.jpg 300w, https:\/\/www.tucomarca.com\/wordpress\/segunda\/wp-content\/uploads\/2023\/05\/EUMitinBunol06-768x512.jpg 768w\" sizes=\"auto, (max-width: 886px) 100vw, 886px\" \/><\/figure>\n<\/figure>\n\n\n\n<p>Fotos:<strong> Jos\u00e9 L. Mont\u00f3n.<\/strong><\/p>\n","protected":false},"excerpt":{"rendered":"<div class=\"mh-excerpt\">Unidas podemos de Bu\u00f1ol ha celebrado este pasado jueves su mitin fin de campa\u00f1a en la Sala El Mercado de la localidad, en el que se han expuesto los puntos m\u00e1s importantes de su programa <a class=\"mh-excerpt-more\" href=\"https:\/\/www.tucomarca.com\/wordpress\/segunda\/unidas-podemos-bunol-celebra-su-mitin-final-de-campana-en-la-sala-el-mercado-de-la-localidad\/\" title=\"Unidas Podemos Bu\u00f1ol celebra su mitin final de campa\u00f1a en la sala El Mercado de la localidad\">[+] <\/a><\/div>\n","protected":false},"author":12,"featured_media":186874,"comment_status":"open","ping_status":"open","sticky":false,"template":"","format":"standard","meta":{"footnotes":""},"categories":[18,128,8,10,142,3],"tags":[10385,18827,5952,19303],"class_list":{"0":"post-186870","1":"post","2":"type-post","3":"status-publish","4":"format-standard","5":"has-post-thumbnail","7":"category-bunol","8":"category-infraestructuras","9":"category-la-comarca","10":"category-la-hoya","11":"category-politica-la-comarca","12":"category-seccion","13":"tag-bunol","14":"tag-elecciones-municipales-2023","15":"tag-la-hoya-de-bunol-chiva","16":"tag-unidas-podemos-bunol"},"_links":{"self":[{"href":"https:\/\/www.tucomarca.com\/wordpress\/segunda\/wp-json\/wp\/v2\/posts\/186870","targetHints":{"allow":["GET"]}}],"collection":[{"href":"https:\/\/www.tucomarca.com\/wordpress\/segunda\/wp-json\/wp\/v2\/posts"}],"about":[{"href":"https:\/\/www.tucomarca.com\/wordpress\/segunda\/wp-json\/wp\/v2\/types\/post"}],"author":[{"embeddable":true,"href":"https:\/\/www.tucomarca.com\/wordpress\/segunda\/wp-json\/wp\/v2\/users\/12"}],"replies":[{"embeddable":true,"href":"https:\/\/www.tucomarca.com\/wordpress\/segunda\/wp-json\/wp\/v2\/comments?post=186870"}],"version-history":[{"count":0,"href":"https:\/\/www.tucomarca.com\/wordpress\/segunda\/wp-json\/wp\/v2\/posts\/186870\/revisions"}],"wp:featuredmedia":[{"embeddable":true,"href":"https:\/\/www.tucomarca.com\/wordpress\/segunda\/wp-json\/wp\/v2\/media\/186874"}],"wp:attachment":[{"href":"https:\/\/www.tucomarca.com\/wordpress\/segunda\/wp-json\/wp\/v2\/media?parent=186870"}],"wp:term":[{"taxonomy":"category","embeddable":true,"href":"https:\/\/www.tucomarca.com\/wordpress\/segunda\/wp-json\/wp\/v2\/categories?post=186870"},{"taxonomy":"post_tag","embeddable":true,"href":"https:\/\/www.tucomarca.com\/wordpress\/segunda\/wp-json\/wp\/v2\/tags?post=186870"}],"curies":[{"name":"wp","href":"https:\/\/api.w.org\/{rel}","templated":true}]}}