{"id":187035,"date":"2023-05-28T12:00:00","date_gmt":"2023-05-28T11:00:00","guid":{"rendered":"https:\/\/www.tucomarca.com\/wordpress\/segunda\/?p=187035"},"modified":"2023-05-28T19:59:42","modified_gmt":"2023-05-28T18:59:42","slug":"el-cd-soneja-acaba-con-el-sueno-del-cd-bunol-de-poder-jugar-su-segunda-fase-previa-de-la-copa-del-rey","status":"publish","type":"post","link":"https:\/\/www.tucomarca.com\/wordpress\/segunda\/el-cd-soneja-acaba-con-el-sueno-del-cd-bunol-de-poder-jugar-su-segunda-fase-previa-de-la-copa-del-rey\/","title":{"rendered":"El CD Soneja acaba con el sue\u00f1o del CD Bu\u00f1ol de poder jugar su segunda Fase Previa de la Copa del Rey"},"content":{"rendered":"\n<p>Un solitario y discutido tanto del Club Deportivo Soneja ha acabado con el sue\u00f1o del Club Deportivo Bu\u00f1ol de poder disputar la Fase Previa de la Copa de su Majestad El Rey 2022-23, una competici\u00f3n que el club de La Hoya ya tuvo el privilegio de jugar en la temporada 2020-21. <\/p>\n\n\n\n<p>En un polideportivo municipal de L&#8217;Eliana con una gran ambiente, el CD Bu\u00f1ol cay\u00f3 ante los castellonenses tras el discutido gol de Gallego a pase de Adama, quien en su intento de desbaratarse de su marca, se llev\u00f3 por delante a Blas, el defensor del CD Bu\u00f1ol quien reclam\u00f3 falta y, por tanto, la anulaci\u00f3n de la jugada y el gol. No lo entendieron as\u00ed los \u00e1rbitros del encuentro, quienes adem\u00e1s tomaron varias decisiones durante el choque muy discutidas tambi\u00e9n por los aficionados bu\u00f1olenses, quienes de nuevo volvieron a estar apoyando a su equipo hasta el \u00faltimo suspiro de un encuentro en el que los blancos merecieron m\u00e1s.<\/p>\n\n\n\n<p>Y es que este domingo pudieron vivirse dos partidos: el primero hasta la llegada del gol del CD Soneja, en el que la posesi\u00f3n estuvo repartida entre los dos equipos y aunque el Soneja llev\u00f3 en algunos momentos m\u00e1s el peso del juego, fueron los bu\u00f1olenses los que crearon m\u00e1s peligro en sus acciones. Y el segundo partido lleg\u00f3 a partir del gol (y especialmente en la segunda mitad), cuando el CD Soneja se ech\u00f3 a atr\u00e1s, se limit\u00f3 a esperar la llegada de los atacantes blancos y, sobre todo, se dedic\u00f3 a contemporizar con el bal\u00f3n y a perder de manera clara y poco deportiva un valios\u00edsimo tiempo con muchas acciones fingidas que lamentablemente no fueron cortadas por los \u00e1rbitros, que toleraron una actitud muy poco deportiva que para nada contribuy\u00f3 a la vistosidad del juego y que, por supuesto, desquici\u00f3 y perjudic\u00f3 los intereses de los jugadores de Luis Navarro, que en algunos momentos no pudieron contener su justificada indignaci\u00f3n ante esta clara actitud poco deportiva y que va en detrimento del espect\u00e1culo f\u00fatbol que se ofreci\u00f3 en L&#8217;Eliana.<\/p>\n\n\n\n<p>Alineaciones:<\/p>\n\n\n\n<p><strong><em>CD Soneja (1):<\/em><\/strong>&nbsp;Juli\u00e1 Vicente, Luis Ruiz, Boix, Veintimilla (Dur\u00e1n, m. 69), Vicent Tom\u00e1s (Ndiaye, m. 73), Adama Sangare, Silvestre, Brayan, Ricardo Ram\u00edrez (Ros, m. 88), Gallego y Panad\u00e9s.<\/p>\n\n\n\n<p><em><strong>CD Bu\u00f1ol&nbsp;<\/strong><\/em><strong>(0)<\/strong>: Giovanni, Amador, Joao Pedro, Rub\u00e9n Asaf, Jordi S\u00e1nchez (Emmanuel, m. 60), Rub\u00e9n Gonz\u00e1lez, Santi Arrachea (Aar\u00f3n, m. 87), Robles (Adri\u00e0, m. 60), Duco, Espiosa (Iranzo, m. 77) y Blas (Jos\u00e9 Mateos, m. 87).<\/p>\n\n\n\n<p><em><strong>Goles:<\/strong><\/em>&nbsp;1-0 (Gallego, m. 28)<\/p>\n\n\n\n<p><strong><em>\u00c1rbitr\u00e6s<\/em><\/strong>: Alberto Ponce (principal), Lucas Collado y Marcos Albalat (asistentes). Frank Espinosa (cuarto \u00e1rbitro). Amonest\u00f3 a Ricardo Ram\u00edrez y Vicent Tom\u00e1s del CD Soneja, y a Santi Arrechea, Emmanuel y Joao Pedro por el CD Bu\u00f1ol.<\/p>\n","protected":false},"excerpt":{"rendered":"<div class=\"mh-excerpt\">Un solitario y discutido tanto del Club Deportivo Soneja ha acabado con el sue\u00f1o del Club Deportivo Bu\u00f1ol de poder disputar la Fase Previa de la Copa de su Majestad El Rey 2022-23, una competici\u00f3n <a class=\"mh-excerpt-more\" href=\"https:\/\/www.tucomarca.com\/wordpress\/segunda\/el-cd-soneja-acaba-con-el-sueno-del-cd-bunol-de-poder-jugar-su-segunda-fase-previa-de-la-copa-del-rey\/\" title=\"El CD Soneja acaba con el sue\u00f1o del CD Bu\u00f1ol de poder jugar su segunda Fase Previa de la Copa del Rey\">[+] <\/a><\/div>\n","protected":false},"author":1,"featured_media":187084,"comment_status":"open","ping_status":"open","sticky":false,"template":"","format":"standard","meta":{"footnotes":""},"categories":[18,50,6,8,72,10,3,45],"tags":[10385,537,5952],"class_list":{"0":"post-187035","1":"post","2":"type-post","3":"status-publish","4":"format-standard","5":"has-post-thumbnail","7":"category-bunol","8":"category-futbol-deportes","9":"category-deportes","10":"category-la-comarca","11":"category-sin-categorizar","12":"category-la-hoya","13":"category-seccion","14":"category-ventana","15":"tag-bunol","16":"tag-cd-bunol","17":"tag-la-hoya-de-bunol-chiva"},"_links":{"self":[{"href":"https:\/\/www.tucomarca.com\/wordpress\/segunda\/wp-json\/wp\/v2\/posts\/187035","targetHints":{"allow":["GET"]}}],"collection":[{"href":"https:\/\/www.tucomarca.com\/wordpress\/segunda\/wp-json\/wp\/v2\/posts"}],"about":[{"href":"https:\/\/www.tucomarca.com\/wordpress\/segunda\/wp-json\/wp\/v2\/types\/post"}],"author":[{"embeddable":true,"href":"https:\/\/www.tucomarca.com\/wordpress\/segunda\/wp-json\/wp\/v2\/users\/1"}],"replies":[{"embeddable":true,"href":"https:\/\/www.tucomarca.com\/wordpress\/segunda\/wp-json\/wp\/v2\/comments?post=187035"}],"version-history":[{"count":0,"href":"https:\/\/www.tucomarca.com\/wordpress\/segunda\/wp-json\/wp\/v2\/posts\/187035\/revisions"}],"wp:featuredmedia":[{"embeddable":true,"href":"https:\/\/www.tucomarca.com\/wordpress\/segunda\/wp-json\/wp\/v2\/media\/187084"}],"wp:attachment":[{"href":"https:\/\/www.tucomarca.com\/wordpress\/segunda\/wp-json\/wp\/v2\/media?parent=187035"}],"wp:term":[{"taxonomy":"category","embeddable":true,"href":"https:\/\/www.tucomarca.com\/wordpress\/segunda\/wp-json\/wp\/v2\/categories?post=187035"},{"taxonomy":"post_tag","embeddable":true,"href":"https:\/\/www.tucomarca.com\/wordpress\/segunda\/wp-json\/wp\/v2\/tags?post=187035"}],"curies":[{"name":"wp","href":"https:\/\/api.w.org\/{rel}","templated":true}]}}