{"id":187456,"date":"2023-05-31T08:08:00","date_gmt":"2023-05-31T07:08:00","guid":{"rendered":"https:\/\/www.tucomarca.com\/wordpress\/segunda\/?p=187456"},"modified":"2023-05-31T11:07:43","modified_gmt":"2023-05-31T10:07:43","slug":"artistica-big-band-ofrece-su-concierto-de-presentacion-en-el-teatro-montecarlo-de-bunol-junto-a-en-clau-de-jazz-band","status":"publish","type":"post","link":"https:\/\/www.tucomarca.com\/wordpress\/segunda\/artistica-big-band-ofrece-su-concierto-de-presentacion-en-el-teatro-montecarlo-de-bunol-junto-a-en-clau-de-jazz-band\/","title":{"rendered":"Art\u00edstica Big Band ofrece su concierto de presentaci\u00f3n en el teatro Montecarlo de Bu\u00f1ol junto a En clau de jazz Band"},"content":{"rendered":"\n<p>El pr\u00f3ximo domingo 4 de junio comienza la andadura de una nueva agrupaci\u00f3n \u201cFea\u201d, Art\u00edstica Big Band, y lo har\u00e1 arropada por una Big Band ya consagrada como En clau de Jazz Band, de Benimodo.&nbsp;<\/p>\n\n\n\n<p>Bajo la direcci\u00f3n musical de Jose Antonio Tello Masmano, quien es miembro fundador de la Orquesta de Jazz del Teatro Central de Sevilla, bajo la direcci\u00f3n de Mike P. Mossman y Perico Sambeat, adem\u00e1s de fundador y Director de la Big Band de Aracena, en Huelva. Saxofonista de la Banda Sinf\u00f3nica de \u201cLos Feos\u201d, afronta este proyecto que recupera el formato de orquesta de jazz, presentes a lo largo de la historia de La Art\u00edstica, la \u00faltima en la d\u00e9cada de los 90, con Manuel Jes\u00fas Godoy Mesas como director. En esta ocasi\u00f3n, est\u00e1 formada por j\u00f3venes m\u00fasicos de la Banda Sinf\u00f3nica, a quienes se ofrece la oportunidad de explorar un nuevo lenguaje musical, permiti\u00e9ndoles crecer como int\u00e9rpretes, con la compa\u00f1\u00eda de m\u00fasicos experimentados que ejercen de l\u00edderes de cuerda, como Jos\u00e9 Luis Ram\u00f3n Criado y Jos\u00e9 Andr\u00e9s Gonz\u00e1lez. Adem\u00e1s, cuentan con el apoyo y gu\u00eda de m\u00fasicos como el baterista Pancho Mont\u00e1\u00f1ez, el guitarrista Jorge Riera y el bajista Javi Escamilla.&nbsp;<\/p>\n\n\n\n<p>Tras ofrecer un peque\u00f1o adelanto en el acto de inauguraci\u00f3n de la XVI Feria del Comercio de Bu\u00f1ol el pasado 12 de mayo, este concierto ser\u00e1 su debut oficial en la que ser\u00e1 su casa, el Teatro Montecarlo. Como arranque del concierto, estar\u00e1n acompa\u00f1ados por En clau de Jazz Band, agrupaci\u00f3n que cuenta con 15 a\u00f1os de historia ininterrumpida, actualmente dirigidos por Kako Rubio, que afronta su primer concierto al frente de esta formaci\u00f3n. Rubio, trombonista y eufonista, es profesor de Sedajazz y de la Agrupaci\u00f3n Musical \u201cLa L\u00edrica\u201d de Silla, donde es director de \u201cLa L\u00edrica\u201d Big Band. Miembro colaborador de formaciones como Sedajazz Big Band, Ram\u00f3n Cardo Big Band, Clasijazz Big Band o Big Band de Berklee College of Music de Valencia, lidera tambi\u00e9n sus propios proyectos como solista, a tr\u00edo y sexteto.<\/p>\n\n\n\n<p>En clau de jazz Band ha actuado acompa\u00f1ando a m\u00fasicos de la talla de Toni Belenguer, Soledad Gim\u00e9nez, Llu\u00eds Llario o Paul Evans, entre otros, actuando en Castell\u00f3n, Madrid o Barcelona, y exportando su m\u00fasica fuera de nuestras fronteras, visitando Berl\u00edn. Cuentan con dos grabaciones discogr\u00e1ficas, \u201cDon\u2019t explain\u201d y \u201cThat\u2019s all\u201d, durante su etapa bajo la direcci\u00f3n de Ricardo Belda, uno de sus fundadores.&nbsp;<\/p>\n\n\n\n<p>Ambas agrupaciones compartir\u00e1n este primer concierto de Art\u00edstica Big Band, el pr\u00f3ximo domingo 4 de junio a las 12 horas en el Teatro Montecarlo, arrancando con fuerza e ilusi\u00f3n la historia de una formaci\u00f3n a la que deseamos una larga trayectoria.<\/p>\n\n\n\n<p>Las entradas anticipadas, con un precio de 7\u20ac, 5\u20ac para los socios de La Art\u00edstica, ya est\u00e1n a la venta en Secretar\u00eda, en horario de 11 a 13 horas y de 17 a 19 horas, adem\u00e1s de en Soho Culture Club.&nbsp;<\/p>\n","protected":false},"excerpt":{"rendered":"<div class=\"mh-excerpt\">El pr\u00f3ximo domingo 4 de junio comienza la andadura de una nueva agrupaci\u00f3n \u201cFea\u201d, Art\u00edstica Big Band, y lo har\u00e1 arropada por una Big Band ya consagrada como En clau de Jazz Band, de Benimodo.&nbsp; <a class=\"mh-excerpt-more\" href=\"https:\/\/www.tucomarca.com\/wordpress\/segunda\/artistica-big-band-ofrece-su-concierto-de-presentacion-en-el-teatro-montecarlo-de-bunol-junto-a-en-clau-de-jazz-band\/\" title=\"Art\u00edstica Big Band ofrece su concierto de presentaci\u00f3n en el teatro Montecarlo de Bu\u00f1ol junto a En clau de jazz Band\">[+] <\/a><\/div>\n","protected":false},"author":12,"featured_media":187460,"comment_status":"open","ping_status":"open","sticky":false,"template":"","format":"standard","meta":{"footnotes":""},"categories":[4,18,66,8,10,7,3],"tags":[10385,19320,5952],"class_list":{"0":"post-187456","1":"post","2":"type-post","3":"status-publish","4":"format-standard","5":"has-post-thumbnail","7":"category-agenda","8":"category-bunol","9":"category-musica","10":"category-la-comarca","11":"category-la-hoya","12":"category-ocio-y-cultura","13":"category-seccion","14":"tag-bunol","15":"tag-la-artistica-big-band","16":"tag-la-hoya-de-bunol-chiva"},"_links":{"self":[{"href":"https:\/\/www.tucomarca.com\/wordpress\/segunda\/wp-json\/wp\/v2\/posts\/187456","targetHints":{"allow":["GET"]}}],"collection":[{"href":"https:\/\/www.tucomarca.com\/wordpress\/segunda\/wp-json\/wp\/v2\/posts"}],"about":[{"href":"https:\/\/www.tucomarca.com\/wordpress\/segunda\/wp-json\/wp\/v2\/types\/post"}],"author":[{"embeddable":true,"href":"https:\/\/www.tucomarca.com\/wordpress\/segunda\/wp-json\/wp\/v2\/users\/12"}],"replies":[{"embeddable":true,"href":"https:\/\/www.tucomarca.com\/wordpress\/segunda\/wp-json\/wp\/v2\/comments?post=187456"}],"version-history":[{"count":0,"href":"https:\/\/www.tucomarca.com\/wordpress\/segunda\/wp-json\/wp\/v2\/posts\/187456\/revisions"}],"wp:featuredmedia":[{"embeddable":true,"href":"https:\/\/www.tucomarca.com\/wordpress\/segunda\/wp-json\/wp\/v2\/media\/187460"}],"wp:attachment":[{"href":"https:\/\/www.tucomarca.com\/wordpress\/segunda\/wp-json\/wp\/v2\/media?parent=187456"}],"wp:term":[{"taxonomy":"category","embeddable":true,"href":"https:\/\/www.tucomarca.com\/wordpress\/segunda\/wp-json\/wp\/v2\/categories?post=187456"},{"taxonomy":"post_tag","embeddable":true,"href":"https:\/\/www.tucomarca.com\/wordpress\/segunda\/wp-json\/wp\/v2\/tags?post=187456"}],"curies":[{"name":"wp","href":"https:\/\/api.w.org\/{rel}","templated":true}]}}