{"id":187608,"date":"2023-06-02T14:00:00","date_gmt":"2023-06-02T13:00:00","guid":{"rendered":"https:\/\/www.tucomarca.com\/wordpress\/segunda\/?p=187608"},"modified":"2023-06-02T19:25:18","modified_gmt":"2023-06-02T18:25:18","slug":"cd-utiel-y-cd-bunol-encaran-su-recta-final-hacia-la-tercera-division","status":"publish","type":"post","link":"https:\/\/www.tucomarca.com\/wordpress\/segunda\/cd-utiel-y-cd-bunol-encaran-su-recta-final-hacia-la-tercera-division\/","title":{"rendered":"CD Utiel y CD Bu\u00f1ol encaran su recta final hacia la Tercera Divisi\u00f3n"},"content":{"rendered":"\n<p>El Club Deportivo Utiel y el Club Deportivo Bu\u00f1ol encaran este fin de semana la recta final hacia la Tercera Divisi\u00f3n con el inicio de sus respectivos play off de ascenso en busca de una anhelada plaza en una categor\u00eda superior a la que actualmente ambos militan. <\/p>\n\n\n\n<p>El campe\u00f3n del grupo segundo de la Regional Preferente valenciana, el CD Utiel, ser\u00e1 el primero en iniciar su ronda de semifinales este domingo a las 18,00 horas en el terreno de juego de su oponente, el Crevillente Deportivo, con el factor campo en contra aunque con la ventaja de jugar el partido de vuelta en casa la pr\u00f3xima semana.<\/p>\n\n\n\n<p>Por su parte, el subcampe\u00f3n del mismo grupo de la Regional Preferente valenciana lo har\u00e1 tambi\u00e9n este domingo pero media hora despu\u00e9s, a las 18,30 horas, y en el viejo Beltr\u00e1n B\u00e1guena frente al CF La Nuc\u00eda B, el conjunto alicantino al que deber\u00e1 superar en el partido de ida as\u00ed como de vuelta el pr\u00f3ximo fin de semana y a domicilio.<\/p>\n\n\n\n<p>Los hombres de Javi Pons llegan al choque cargados de moral despu\u00e9s de haber sido los campeones esta temporada y de haber conquistado el campeonato casi una d\u00e9cada despu\u00e9s; mientras que los de Luis Navarro disputar\u00e1n una promoci\u00f3n de ascenso por cuarta vez consecutiva y habi\u00e9ndose quedado apeados de las tres anteriores promociones a pesar de haber logrado ser el campe\u00f3n esas tres temporadas consecutivas. No obstante, los de La Hoya deber\u00e1n olvidarse de su \u00faltima y dolorosa derrota (la \u00fanica en todo este a\u00f1o 2023) frente al CD Soneja en la final de La Nostra Copa y pensar en los cuatro partidos, cuatro aut\u00e9nticas finales, que les quedan por delante. <\/p>\n\n\n\n<p>Los cruces del sorteo han querido adem\u00e1s que, en caso de que ambos conjuntos superen a sus oponentes en este fase semifinal del play off de ascenso a Tercera, deber\u00e1n verse las caras entre s\u00ed; repitiendo el duelo que puso final a la temporada este a\u00f1o en el Beltr\u00e1n B\u00e1guena y que, como se recordar\u00e1, finaliz\u00f3 en tablas para ambos conjuntos.<\/p>\n\n\n\n<p>La fiesta y la emoci\u00f3n deportiva del camino a la Tercera Divisi\u00f3n est\u00e1, de nuevo, servida para ambos conjuntos del interior valenciano.<\/p>\n","protected":false},"excerpt":{"rendered":"<div class=\"mh-excerpt\">El Club Deportivo Utiel y el Club Deportivo Bu\u00f1ol encaran este fin de semana la recta final hacia la Tercera Divisi\u00f3n con el inicio de sus respectivos play off de ascenso en busca de una <a class=\"mh-excerpt-more\" href=\"https:\/\/www.tucomarca.com\/wordpress\/segunda\/cd-utiel-y-cd-bunol-encaran-su-recta-final-hacia-la-tercera-division\/\" title=\"CD Utiel y CD Bu\u00f1ol encaran su recta final hacia la Tercera Divisi\u00f3n\">[+] <\/a><\/div>\n","protected":false},"author":1,"featured_media":186392,"comment_status":"open","ping_status":"open","sticky":false,"template":"","format":"standard","meta":{"footnotes":""},"categories":[4,18,50,6,72,10,199,27,3,29,45],"tags":[537,14969,10379,44,5952,10387,4714],"class_list":{"0":"post-187608","1":"post","2":"type-post","3":"status-publish","4":"format-standard","5":"has-post-thumbnail","7":"category-agenda","8":"category-bunol","9":"category-futbol-deportes","10":"category-deportes","11":"category-sin-categorizar","12":"category-la-hoya","13":"category-polideportivo","14":"category-requena-utiel","15":"category-seccion","16":"category-utiel","17":"category-ventana","18":"tag-cd-bunol","19":"tag-cd-utiel","20":"tag-deportes","21":"tag-futbol","22":"tag-la-hoya-de-bunol-chiva","23":"tag-requena-utiel","24":"tag-tercera-division"},"_links":{"self":[{"href":"https:\/\/www.tucomarca.com\/wordpress\/segunda\/wp-json\/wp\/v2\/posts\/187608","targetHints":{"allow":["GET"]}}],"collection":[{"href":"https:\/\/www.tucomarca.com\/wordpress\/segunda\/wp-json\/wp\/v2\/posts"}],"about":[{"href":"https:\/\/www.tucomarca.com\/wordpress\/segunda\/wp-json\/wp\/v2\/types\/post"}],"author":[{"embeddable":true,"href":"https:\/\/www.tucomarca.com\/wordpress\/segunda\/wp-json\/wp\/v2\/users\/1"}],"replies":[{"embeddable":true,"href":"https:\/\/www.tucomarca.com\/wordpress\/segunda\/wp-json\/wp\/v2\/comments?post=187608"}],"version-history":[{"count":0,"href":"https:\/\/www.tucomarca.com\/wordpress\/segunda\/wp-json\/wp\/v2\/posts\/187608\/revisions"}],"wp:featuredmedia":[{"embeddable":true,"href":"https:\/\/www.tucomarca.com\/wordpress\/segunda\/wp-json\/wp\/v2\/media\/186392"}],"wp:attachment":[{"href":"https:\/\/www.tucomarca.com\/wordpress\/segunda\/wp-json\/wp\/v2\/media?parent=187608"}],"wp:term":[{"taxonomy":"category","embeddable":true,"href":"https:\/\/www.tucomarca.com\/wordpress\/segunda\/wp-json\/wp\/v2\/categories?post=187608"},{"taxonomy":"post_tag","embeddable":true,"href":"https:\/\/www.tucomarca.com\/wordpress\/segunda\/wp-json\/wp\/v2\/tags?post=187608"}],"curies":[{"name":"wp","href":"https:\/\/api.w.org\/{rel}","templated":true}]}}