{"id":187752,"date":"2023-06-05T09:00:00","date_gmt":"2023-06-05T08:00:00","guid":{"rendered":"https:\/\/www.tucomarca.com\/wordpress\/segunda\/?p=187752"},"modified":"2023-06-05T20:40:48","modified_gmt":"2023-06-05T19:40:48","slug":"opinion-a-bocajarro-y-ahora-que-por-joseh-larrazabal","status":"publish","type":"post","link":"https:\/\/www.tucomarca.com\/wordpress\/segunda\/opinion-a-bocajarro-y-ahora-que-por-joseh-larrazabal\/","title":{"rendered":"Opini\u00f3n: A bocajarro. \u00bfY ahora qu\u00e9?, por J\u00f3seh Larraz\u00e1bal"},"content":{"rendered":"\n<figure class=\"wp-block-image size-large is-resized\"><img loading=\"lazy\" decoding=\"async\" src=\"https:\/\/www.tucomarca.com\/wordpress\/segunda\/wp-content\/uploads\/2021\/07\/JoseLarrazabal-1024x1024.jpg\" alt=\"\" class=\"wp-image-136627\" width=\"223\" height=\"223\" srcset=\"https:\/\/www.tucomarca.com\/wordpress\/segunda\/wp-content\/uploads\/2021\/07\/JoseLarrazabal-1024x1024.jpg 1024w, https:\/\/www.tucomarca.com\/wordpress\/segunda\/wp-content\/uploads\/2021\/07\/JoseLarrazabal-300x300.jpg 300w, https:\/\/www.tucomarca.com\/wordpress\/segunda\/wp-content\/uploads\/2021\/07\/JoseLarrazabal-290x290.jpg 290w, https:\/\/www.tucomarca.com\/wordpress\/segunda\/wp-content\/uploads\/2021\/07\/JoseLarrazabal-768x768.jpg 768w, https:\/\/www.tucomarca.com\/wordpress\/segunda\/wp-content\/uploads\/2021\/07\/JoseLarrazabal.jpg 1086w\" sizes=\"auto, (max-width: 223px) 100vw, 223px\" \/><\/figure>\n\n\n\n<p>Se acab\u00f3 la Liga:<br>BETIS 1-1 VCF<br>Finalmente el Valencia queda clasificado en el puesto 16 con 42 puntos.<br>A 2 puestos y 2 puntos del descenso. Durante la jornada de hoy, \u00faltima de la temporada, se han jugado casi todos los partidos a la misma hora. El vcf ha llegado a estar a solo 1 puesto del abismo, dependiendo de que el Valladolid no marcara.<br>Finalmente se han \u00absalvado los muebles\u00bb y se ha podido evitar eso que algunos consideran una hecatombe: bajar a segunda.<br>Pues nada, felicidades para todos los que piensan as\u00ed.<br>A mi me da verg\u00fcenza lo sucedido durante esta temporada.<br>Gran parte de la afici\u00f3n del vcf ha optado por acudir en masa al centenario Mestalla para animar al equipo y evitar caer a la 2\u00aa divisi\u00f3n.<br>No ha servido para nada, la sombra de 2\u00aa ha estado planeando sobre el equipo hasta el \u00faltimo minuto del \u00faltimo mach.<br>C\u00f3mo dec\u00eda anteriormente, finalmente se ha conseguido la permanencia, pero de manera ag\u00f3nica, deprimente, deshonrosa. Por momentos el vcf estaba a 1 gol de lo peor. Durante una gran parte del partido si hubiera marcado el Valladolid, tan solo 1 gol, el vcf se hubiera metido en descenso.<br>Es vergonzoso, digno de un equipo sin honor, sin honra, sin historia, sin gloria. \u00bfEs el vcf ese equipo? Yo dir\u00eda que no.<br>Al menos no lo era. Ha sido un club que se ha codeado con los grandes en m\u00e1s de una ocasi\u00f3n, al menos as\u00ed fue hasta que le lleg\u00f3 al Valencia una desgracia enorme llamada Peter Lim. \u00c9l es el culpable de esta situaci\u00f3n. \u00c9l es quien ha ido empeque\u00f1eciendo al Valencia y lo ha convertido en un club de los llamados \u00abpeque\u00f1os,\u00bb esos que luchan por no descender y que hacen de ello su objetivo de cada temporada.<br>Los que no quer\u00edan que el vcf bajase a segunda ya lo ha conseguido y\u2026<br>\u00bfAhora qu\u00e9?<br>\u00bfNo hubiera sido mejor no acudir a Mestalla?<br>Quiz\u00e1s as\u00ed el propietario de este club, ese que lo ha convertido en una entidad peque\u00f1ita y decadente, hubiera pensado en la conveniencia de vender el club. No se ha bajado y qu\u00e9 \u00bfes eso mejor? \u00bfLo mejor para qui\u00e9n? Ser\u00e1 lo mejor para Lim porque ahora no tiene dudas: \u00abSeguir\u00e1 siendo el propietario del vcf\u00bb.<br>\u00bfY que va a pasar la pr\u00f3xima temporada?<br>\u00bfAlguien cree que vendr\u00e1n fichajes de calidad?<br>\u00bfAlguien cree en un nivel de equipo superior al de este a\u00f1o?<br>Que nadie se enga\u00f1e.<br>La pr\u00f3xima temporada habr\u00e1 un equipo en la l\u00ednea del actual, es decir: jugadores cedidos y a coste cero, con el agravante de que Lim vender\u00e1 este verano cualquier jugador de los que tiene en propiedad por el que reciba una cantidad asequible.<br>Otra vez a luchar por no descender.<br>No hace falta recordar aquel gol de Tendillo que nos salv\u00f3 del descenso en el \u00faltimo partido del 84 pero el equipo estaba destrozado y se baj\u00f3 la temporada siguiente.<br>No hace falta recordarlo o s\u00ed porque estamos en esa l\u00ednea.<br>No hubiera pasado nada por bajar a segunda 1 a\u00f1o, \u00f3 2 si es necesario. Lim se hubiera derrumbado y se hubiera quedado sin argumentos econ\u00f3micos para seguir en Valencia, y su prestigio en Europa se hubiera empeque\u00f1ecido como su club. S\u00ed, eso que tanto teme se hubiera dado muy posiblemente.<br>No se ha querido ir por ese camino y se ha optado por luchar para no descender. Se ha conseguido a base de desprestigio, y verg\u00fcenza, necesitando de 3 entrenadores para sobrevivir, por 2 puntitos y quedar los decimosextos.<br>\u00a1Que verg\u00fcenza, que desastre, que pena m\u00e1s grande!<br>Seguimos en primera.<br>\u00bf Cu\u00e1l es el plan para la pr\u00f3xima temporada, acudir otra vez en masa a Mestalla?<br>\u00bfSeguir aguantando de nuevo el odio, la arrogancia, prepotencia y las humillaciones de Lim para con la afici\u00f3n del vcf y el club?<br>O mejor plantarle cara vaciando Mestalla, sin pases, sin entradas, sin compras en las tiendas del vcf.<br>Desmontarle el negocio.<br>No se\u2026 que cada cual haga lo que m\u00e1s le plazca a mi que no me esperen en Mestalla, ni en las tiendas del vcf.<br>Seguimos en primera, s\u00ed\u2026<br>\u00bfY ahora qu\u00e9?<\/p>\n","protected":false},"excerpt":{"rendered":"<div class=\"mh-excerpt\">Se acab\u00f3 la Liga:BETIS 1-1 VCFFinalmente el Valencia queda clasificado en el puesto 16 con 42 puntos.A 2 puestos y 2 puntos del descenso. Durante la jornada de hoy, \u00faltima de la temporada, se han <a class=\"mh-excerpt-more\" href=\"https:\/\/www.tucomarca.com\/wordpress\/segunda\/opinion-a-bocajarro-y-ahora-que-por-joseh-larrazabal\/\" title=\"Opini\u00f3n: A bocajarro. \u00bfY ahora qu\u00e9?, por J\u00f3seh Larraz\u00e1bal\">[+] <\/a><\/div>\n","protected":false},"author":1,"featured_media":136627,"comment_status":"open","ping_status":"open","sticky":false,"template":"","format":"standard","meta":{"footnotes":""},"categories":[18,50,3358,6,8,10,30,90,3],"tags":[10385,15480,5952,1810],"class_list":{"0":"post-187752","1":"post","2":"type-post","3":"status-publish","4":"format-standard","5":"has-post-thumbnail","7":"category-bunol","8":"category-futbol-deportes","9":"category-canal-valencia-cf","10":"category-deportes","11":"category-la-comarca","12":"category-la-hoya","13":"category-opinion","14":"category-opinion-opinion","15":"category-seccion","16":"tag-bunol","17":"tag-joseh-larrazabal","18":"tag-la-hoya-de-bunol-chiva","19":"tag-valencia-cf"},"_links":{"self":[{"href":"https:\/\/www.tucomarca.com\/wordpress\/segunda\/wp-json\/wp\/v2\/posts\/187752","targetHints":{"allow":["GET"]}}],"collection":[{"href":"https:\/\/www.tucomarca.com\/wordpress\/segunda\/wp-json\/wp\/v2\/posts"}],"about":[{"href":"https:\/\/www.tucomarca.com\/wordpress\/segunda\/wp-json\/wp\/v2\/types\/post"}],"author":[{"embeddable":true,"href":"https:\/\/www.tucomarca.com\/wordpress\/segunda\/wp-json\/wp\/v2\/users\/1"}],"replies":[{"embeddable":true,"href":"https:\/\/www.tucomarca.com\/wordpress\/segunda\/wp-json\/wp\/v2\/comments?post=187752"}],"version-history":[{"count":0,"href":"https:\/\/www.tucomarca.com\/wordpress\/segunda\/wp-json\/wp\/v2\/posts\/187752\/revisions"}],"wp:featuredmedia":[{"embeddable":true,"href":"https:\/\/www.tucomarca.com\/wordpress\/segunda\/wp-json\/wp\/v2\/media\/136627"}],"wp:attachment":[{"href":"https:\/\/www.tucomarca.com\/wordpress\/segunda\/wp-json\/wp\/v2\/media?parent=187752"}],"wp:term":[{"taxonomy":"category","embeddable":true,"href":"https:\/\/www.tucomarca.com\/wordpress\/segunda\/wp-json\/wp\/v2\/categories?post=187752"},{"taxonomy":"post_tag","embeddable":true,"href":"https:\/\/www.tucomarca.com\/wordpress\/segunda\/wp-json\/wp\/v2\/tags?post=187752"}],"curies":[{"name":"wp","href":"https:\/\/api.w.org\/{rel}","templated":true}]}}