{"id":18779,"date":"2013-10-16T11:38:40","date_gmt":"2013-10-16T08:38:40","guid":{"rendered":"http:\/\/www.tucomarca.com\/wordpress\/segunda\/?p=18779"},"modified":"2013-10-16T11:38:40","modified_gmt":"2013-10-16T08:38:40","slug":"el-circulo-de-enofilos-utiel-requena-programa-dos-nuevas-catas-de-vinos","status":"publish","type":"post","link":"https:\/\/www.tucomarca.com\/wordpress\/segunda\/el-circulo-de-enofilos-utiel-requena-programa-dos-nuevas-catas-de-vinos\/","title":{"rendered":"El C\u00edrculo de En\u00f3filos Utiel-Requena programa dos nuevas catas de vinos"},"content":{"rendered":"<p>El C\u00edrculo de En\u00f3filos Utiel-Requena asociaci\u00f3n que defiende el vino y su cultura iniciar\u00e1 las actividades de la nueva temporada con una cata de vinos de las bodegas que expondr\u00e1n sus productos en la feria Utiel-Gastron\u00f3mica. Ser\u00e1 el pr\u00f3ximo s\u00e1bado a las 12 horas en la t\u00f3mbola del paseo de la Alameda de Utiel, con la colaboraci\u00f3n del Ayuntamiento de la poblaci\u00f3n y de el comit\u00e9 organizador del certamen.<br \/>\nOtra de las actividades programadas por la asociaci\u00f3n ser\u00e1 la visita a las bodegas Latorre Agrovin\u00edcola de Venta del Moro el d\u00eda 15 de noviembre, donde se celebrar\u00e1 una cata comentada de sus vinos, tanto embotellados como en rama. Informa Luis Ib\u00e1\u00f1ez.<\/p>\n","protected":false},"excerpt":{"rendered":"<div class=\"mh-excerpt\">El C\u00edrculo de En\u00f3filos Utiel-Requena asociaci\u00f3n que defiende el vino y su cultura iniciar\u00e1 las actividades de la nueva temporada con una cata de vinos de las bodegas que expondr\u00e1n sus productos en la feria <a class=\"mh-excerpt-more\" href=\"https:\/\/www.tucomarca.com\/wordpress\/segunda\/el-circulo-de-enofilos-utiel-requena-programa-dos-nuevas-catas-de-vinos\/\" title=\"El C\u00edrculo de En\u00f3filos Utiel-Requena programa dos nuevas catas de vinos\">[+] <\/a><\/div>\n","protected":false},"author":2,"featured_media":0,"comment_status":"open","ping_status":"open","sticky":false,"template":"","format":"standard","meta":{"footnotes":""},"categories":[113,8,27,3],"tags":[1988,1987,1421],"class_list":{"0":"post-18779","1":"post","2":"type-post","3":"status-publish","4":"format-standard","6":"category-vinos","7":"category-la-comarca","8":"category-requena-utiel","9":"category-seccion","10":"tag-catas","11":"tag-utiel-requena","12":"tag-vinos-2"},"_links":{"self":[{"href":"https:\/\/www.tucomarca.com\/wordpress\/segunda\/wp-json\/wp\/v2\/posts\/18779","targetHints":{"allow":["GET"]}}],"collection":[{"href":"https:\/\/www.tucomarca.com\/wordpress\/segunda\/wp-json\/wp\/v2\/posts"}],"about":[{"href":"https:\/\/www.tucomarca.com\/wordpress\/segunda\/wp-json\/wp\/v2\/types\/post"}],"author":[{"embeddable":true,"href":"https:\/\/www.tucomarca.com\/wordpress\/segunda\/wp-json\/wp\/v2\/users\/2"}],"replies":[{"embeddable":true,"href":"https:\/\/www.tucomarca.com\/wordpress\/segunda\/wp-json\/wp\/v2\/comments?post=18779"}],"version-history":[{"count":0,"href":"https:\/\/www.tucomarca.com\/wordpress\/segunda\/wp-json\/wp\/v2\/posts\/18779\/revisions"}],"wp:attachment":[{"href":"https:\/\/www.tucomarca.com\/wordpress\/segunda\/wp-json\/wp\/v2\/media?parent=18779"}],"wp:term":[{"taxonomy":"category","embeddable":true,"href":"https:\/\/www.tucomarca.com\/wordpress\/segunda\/wp-json\/wp\/v2\/categories?post=18779"},{"taxonomy":"post_tag","embeddable":true,"href":"https:\/\/www.tucomarca.com\/wordpress\/segunda\/wp-json\/wp\/v2\/tags?post=18779"}],"curies":[{"name":"wp","href":"https:\/\/api.w.org\/{rel}","templated":true}]}}