{"id":188060,"date":"2023-06-08T11:00:00","date_gmt":"2023-06-08T10:00:00","guid":{"rendered":"https:\/\/www.tucomarca.com\/wordpress\/segunda\/?p=188060"},"modified":"2023-06-08T21:15:27","modified_gmt":"2023-06-08T20:15:27","slug":"manuel-sierra-termina-un-ciclo-politico-en-bunol-en-el-que-se-ha-actuado-con-responsabilidad-y-rigor-desde-la-parte-economica","status":"publish","type":"post","link":"https:\/\/www.tucomarca.com\/wordpress\/segunda\/manuel-sierra-termina-un-ciclo-politico-en-bunol-en-el-que-se-ha-actuado-con-responsabilidad-y-rigor-desde-la-parte-economica\/","title":{"rendered":"Manuel Sierra: \u201ctermina un ciclo pol\u00edtico en Bu\u00f1ol en el que se ha actuado con responsabilidad y rigor desde la parte econ\u00f3mica\u201d"},"content":{"rendered":"\n<h4 class=\"wp-block-heading\">El consistorio destaca que \u201cno ha habido subida de impuestos y el pago a los proveedores se ha realizado en plazos m\u00e1s cortos que nunca\u201d<\/h4>\n\n\n\n<p>La Concejal\u00eda de Hacienda y Contrataci\u00f3n del Ayuntamiento de Bu\u00f1ol hace balance de la gesti\u00f3n econ\u00f3mica del consistorio durante estos \u00faltimos 4 a\u00f1os. Y lo hace con unas m\u00e1s que positivas cifras en todos los sentidos.<\/p>\n\n\n\n<p>El Concejal responsable, Manuel Sierra, ha destacado que \u201cen los \u00faltimos a\u00f1os se han aprobado los 4 presupuestos del consistorio en tiempo y forma. Adem\u00e1s, teniendo en cuenta la situaci\u00f3n econ\u00f3mica derivada de la pandemia, el Ayuntamiento decidi\u00f3 no subir los impuestos para no perjudicar m\u00e1s los bolsillos de las vecinas y vecinos de la localidad\u201d.<\/p>\n\n\n\n<p>En el apartado de reconocimiento de deuda, Sierra subraya que \u201cestamos ante la legislatura con menor reconocimiento de deuda desde que \u00e9ste se computa\u201d. En cifras, en los \u00faltimos cuatro a\u00f1os el Ayuntamiento ha pasado de tener un reconocimiento de deuda de <strong>495.000\u20ac a 326.000\u20ac, la menor cifra desde el a\u00f1o 1.995.<\/strong><\/p>\n\n\n\n<figure class=\"wp-block-image size-full\"><img loading=\"lazy\" decoding=\"async\" width=\"785\" height=\"373\" src=\"https:\/\/www.tucomarca.com\/wordpress\/segunda\/wp-content\/uploads\/2023\/06\/grafico.jpg\" alt=\"\" class=\"wp-image-188061\" srcset=\"https:\/\/www.tucomarca.com\/wordpress\/segunda\/wp-content\/uploads\/2023\/06\/grafico.jpg 785w, https:\/\/www.tucomarca.com\/wordpress\/segunda\/wp-content\/uploads\/2023\/06\/grafico-300x143.jpg 300w, https:\/\/www.tucomarca.com\/wordpress\/segunda\/wp-content\/uploads\/2023\/06\/grafico-768x365.jpg 768w\" sizes=\"auto, (max-width: 785px) 100vw, 785px\" \/><\/figure>\n\n\n\n<p>Por otro lado, hay que resaltar el apartado de las subvenciones. El responsable de Hacienda recuerda que \u201cha sido la legislatura en la que hemos aprobado m\u00e1s subvenciones para nuestro tejido asociativo, a\u00fan en tiempo de la COVID-19, el Ayuntamiento sigui\u00f3 apostando por el mantenimiento de estas entidades que son uno de los ejes fundamentales que vertebran nuestra localidad\u201d. En n\u00fameros, las ayudas a las asociaciones, entidades y organizaciones ha subido <strong>de los 337.000\u20ac de 2018 hasta los casi 369.000\u20ac de este 2023<\/strong>. Hay que resaltar que estas son subvenciones nominativas que cada a\u00f1o se contemplan en el presupuesto municipal y que se entregan directamente a estas asociaciones o entidades. En este sentido, Sierra destaca que \u201ca pesar de las consecuencias de la pandemia y de los gastos extra para ayudar tambi\u00e9n a comerciantes, empresas y aut\u00f3nomos, el consistorio ha mantenido su compromiso de no dejar de lado al tejido asociativo de la localidad\u201d.<\/p>\n\n\n\n<figure class=\"wp-block-image size-large\"><img loading=\"lazy\" decoding=\"async\" width=\"1024\" height=\"580\" src=\"https:\/\/www.tucomarca.com\/wordpress\/segunda\/wp-content\/uploads\/2023\/06\/historicosubvenciones-1024x580.jpg\" alt=\"\" class=\"wp-image-188063\" srcset=\"https:\/\/www.tucomarca.com\/wordpress\/segunda\/wp-content\/uploads\/2023\/06\/historicosubvenciones-1024x580.jpg 1024w, https:\/\/www.tucomarca.com\/wordpress\/segunda\/wp-content\/uploads\/2023\/06\/historicosubvenciones-300x170.jpg 300w, https:\/\/www.tucomarca.com\/wordpress\/segunda\/wp-content\/uploads\/2023\/06\/historicosubvenciones-768x435.jpg 768w, https:\/\/www.tucomarca.com\/wordpress\/segunda\/wp-content\/uploads\/2023\/06\/historicosubvenciones-1536x870.jpg 1536w, https:\/\/www.tucomarca.com\/wordpress\/segunda\/wp-content\/uploads\/2023\/06\/historicosubvenciones-2048x1160.jpg 2048w\" sizes=\"auto, (max-width: 1024px) 100vw, 1024px\" \/><\/figure>\n\n\n\n<p>Finalmente, Manuel Sierra ha querido resaltar que con estas cifras \u201cclaras y objetivas, se demuestra que el Ayuntamiento ha cumplido con sus compromisos, siempre anteponiendo a las vecinas y vecinos y sus circunstancias a las nuestras propias, siempre intentando que nuestras empresas y comercios cobren a tiempo, siempre ampliando partidas para que cada vez m\u00e1s entidades y asociaciones vean apoyadas sus iniciativas y siempre con la vista puesta en el futuro para que nuestras arcas no sean un lastre para que el municipio siga creciendo\u201d.<\/p>\n\n\n\n<p><strong>Fin a un ciclo pol\u00edtico<\/strong><\/p>\n\n\n\n<p>En palabras de Manuel Sierra \u201ctermina un ciclo pol\u00edtico (2011-2023) en el que se ha actuado con responsabilidad y rigor desde la parte econ\u00f3mica. Resaltar a los responsables de Hacienda y Contrataci\u00f3n durante este ciclo: Eusebio S\u00e1ez, Mar\u00eda Vall\u00e9s, Alicia Hern\u00e1ndez, Juncal Carrascosa \u2013y el propio Sierra-\u201d.<\/p>\n\n\n\n<p>El todav\u00eda edil ha destacado que \u201clos gobiernos en coalici\u00f3n entre PSOE e IU, junto a otras formaciones progresistas durante estas tres legislaturas, han contribuido a dar una certidumbre econ\u00f3mica, dif\u00edcil de haber conseguido con otro tipo de alianzas, donde la ideolog\u00eda ha contribuido a ser generoso en momentos de dificultades, anteponiendo Bu\u00f1ol a los intereses partidarios\u201d. A\u00f1ade que \u201cel paso por las urnas sit\u00faa a los partidos que han ostentado la alcald\u00eda durante estas legislaturas en una posici\u00f3n secundaria, por lo que pase lo que pase en el pleno de investidura, es evidente que se abre otro ciclo, donde los protagonistas ser\u00e1n distintos y que evidentemente tiene que valer para hacer autocr\u00edtica, pero sin olvidarse de los aspectos positivos que da el que dos partidos de gobierno, lleven las riendas del municipio en momentos de dificultad\u201d.<\/p>\n\n\n\n<p>Desde Hacienda y Contrataci\u00f3n se espera que \u201cel pr\u00f3ximo gobierno respete la estructura econ\u00f3mica actual del ayuntamiento y el respaldo a la ayuda social, as\u00ed como a nuestro tejido asociativo, pueda seguir aumentando paulatinamente, como ha venido ocurriendo en los \u00faltimos a\u00f1os y que el aumento de gastos, no repercuta en elevar la carga fiscal a los ciudadanos, ajustando si es necesario las partidas controladas directamente por los concejales, como ha venido ocurriendo durante esta \u00faltima legislatura\u201d.<\/p>\n","protected":false},"excerpt":{"rendered":"<div class=\"mh-excerpt\">El consistorio destaca que \u201cno ha habido subida de impuestos y el pago a los proveedores se ha realizado en plazos m\u00e1s cortos que nunca\u201d La Concejal\u00eda de Hacienda y Contrataci\u00f3n del Ayuntamiento de Bu\u00f1ol <a class=\"mh-excerpt-more\" href=\"https:\/\/www.tucomarca.com\/wordpress\/segunda\/manuel-sierra-termina-un-ciclo-politico-en-bunol-en-el-que-se-ha-actuado-con-responsabilidad-y-rigor-desde-la-parte-economica\/\" title=\"Manuel Sierra: \u201ctermina un ciclo pol\u00edtico en Bu\u00f1ol en el que se ha actuado con responsabilidad y rigor desde la parte econ\u00f3mica\u201d\">[+] <\/a><\/div>\n","protected":false},"author":12,"featured_media":105131,"comment_status":"open","ping_status":"open","sticky":false,"template":"","format":"standard","meta":{"footnotes":""},"categories":[18,128,8,10,142,3],"tags":[10385,5952,18710],"class_list":{"0":"post-188060","1":"post","2":"type-post","3":"status-publish","4":"format-standard","5":"has-post-thumbnail","7":"category-bunol","8":"category-infraestructuras","9":"category-la-comarca","10":"category-la-hoya","11":"category-politica-la-comarca","12":"category-seccion","13":"tag-bunol","14":"tag-la-hoya-de-bunol-chiva","15":"tag-manuel-sierra-tamarit"},"_links":{"self":[{"href":"https:\/\/www.tucomarca.com\/wordpress\/segunda\/wp-json\/wp\/v2\/posts\/188060","targetHints":{"allow":["GET"]}}],"collection":[{"href":"https:\/\/www.tucomarca.com\/wordpress\/segunda\/wp-json\/wp\/v2\/posts"}],"about":[{"href":"https:\/\/www.tucomarca.com\/wordpress\/segunda\/wp-json\/wp\/v2\/types\/post"}],"author":[{"embeddable":true,"href":"https:\/\/www.tucomarca.com\/wordpress\/segunda\/wp-json\/wp\/v2\/users\/12"}],"replies":[{"embeddable":true,"href":"https:\/\/www.tucomarca.com\/wordpress\/segunda\/wp-json\/wp\/v2\/comments?post=188060"}],"version-history":[{"count":0,"href":"https:\/\/www.tucomarca.com\/wordpress\/segunda\/wp-json\/wp\/v2\/posts\/188060\/revisions"}],"wp:featuredmedia":[{"embeddable":true,"href":"https:\/\/www.tucomarca.com\/wordpress\/segunda\/wp-json\/wp\/v2\/media\/105131"}],"wp:attachment":[{"href":"https:\/\/www.tucomarca.com\/wordpress\/segunda\/wp-json\/wp\/v2\/media?parent=188060"}],"wp:term":[{"taxonomy":"category","embeddable":true,"href":"https:\/\/www.tucomarca.com\/wordpress\/segunda\/wp-json\/wp\/v2\/categories?post=188060"},{"taxonomy":"post_tag","embeddable":true,"href":"https:\/\/www.tucomarca.com\/wordpress\/segunda\/wp-json\/wp\/v2\/tags?post=188060"}],"curies":[{"name":"wp","href":"https:\/\/api.w.org\/{rel}","templated":true}]}}