{"id":188095,"date":"2023-06-09T11:47:58","date_gmt":"2023-06-09T10:47:58","guid":{"rendered":"https:\/\/www.tucomarca.com\/wordpress\/segunda\/?p=188095"},"modified":"2023-06-09T11:48:05","modified_gmt":"2023-06-09T10:48:05","slug":"el-partido-popular-liderado-por-amparo-fort-gobernara-junto-a-activa-chiva-y-vox-los-proximos-cuatro-anos-en-la-localidad","status":"publish","type":"post","link":"https:\/\/www.tucomarca.com\/wordpress\/segunda\/el-partido-popular-liderado-por-amparo-fort-gobernara-junto-a-activa-chiva-y-vox-los-proximos-cuatro-anos-en-la-localidad\/","title":{"rendered":"El Partido Popular, liderado por Amparo Fort, gobernar\u00e1 junto a Activa Chiva y VOX los pr\u00f3ximos cuatro a\u00f1os en la localidad"},"content":{"rendered":"\n<p>Finalmente ser\u00e1n Activa Chiva y VOX las formaciones que compartir\u00e1n gobierno junto al Partido Popular durante los pr\u00f3ximos cuatro a\u00f1os en la localidad con una alcald\u00eda que ser\u00e1 ostentada por Amparo Fort, quien ya a primeros de esta semana adelantaba a <strong>tucomarca.com<\/strong> su deseo de conformar \u00abun gobierno de calidad que d\u00e9 estabilidad a Chiva durante esta legislatura y la devuelva al lugar que se merece\u00bb. <\/p>\n\n\n\n<p>Como se recordar\u00e1, de los 17 ediles que conforman el plenario local, la candidatura del Partido Popular fue la que m\u00e1s obtuvo, concretamente seis, seguida del PSPV-PSOE con tres ediles, Activa Chiva obtuvo 2 concejales, ADUC dos representantes; Comprom\u00eds dos ediles, VOX un concejal y Vinchi un concejal. Por lo que el pr\u00f3ximo gobierno de la localidad estar\u00e1 conformado por los 6 ediles del PP junto a los 2 de Activa Chiva y a uno de VOX.<\/p>\n\n\n\n<p>La cabeza de lista de la formaci\u00f3n que m\u00e1s votos y concejales obtuvo en las pasadas elecciones municipales en Chiva, Amparo Fort, ya avanz\u00f3 adem\u00e1s d\u00edas atr\u00e1s su deseo de que sea \u00abcual sea la composici\u00f3n del gobierno municipal, sea una legislatura en la que todas las fuerzas pol\u00edticas nos respetemos, nos sintamos c\u00f3modas, no haya enfrentamientos y podamos trabajar con educaci\u00f3n y respeto, ya est\u00e9 cada una de ellas en el gobierno o en la oposici\u00f3n\u00bb.<\/p>\n\n\n\n<p>En virtud del pacto suscrito, el Partido Popular administrar\u00e1 las \u00e1reas de Hacienda, Personal, Urbanismo y Asuntos Sociales; mientras que Activa Chiva tendr\u00e1 bajo su cargo las concejal\u00edas de Contrataci\u00f3n, Servicios P\u00fablicos, Deportes, Cultura, Patrimonio y Fiestas. Por \u00faltimo, el edil de Vox tendr\u00e1 a su cargo las \u00e1reas de Agricultura y Medio Ambiente, tal como ha trascendido este viernes.<\/p>\n","protected":false},"excerpt":{"rendered":"<div class=\"mh-excerpt\">Finalmente ser\u00e1n Activa Chiva y VOX las formaciones que compartir\u00e1n gobierno junto al Partido Popular durante los pr\u00f3ximos cuatro a\u00f1os en la localidad con una alcald\u00eda que ser\u00e1 ostentada por Amparo Fort, quien ya a <a class=\"mh-excerpt-more\" href=\"https:\/\/www.tucomarca.com\/wordpress\/segunda\/el-partido-popular-liderado-por-amparo-fort-gobernara-junto-a-activa-chiva-y-vox-los-proximos-cuatro-anos-en-la-localidad\/\" title=\"El Partido Popular, liderado por Amparo Fort, gobernar\u00e1 junto a Activa Chiva y VOX los pr\u00f3ximos cuatro a\u00f1os en la localidad\">[+] <\/a><\/div>\n","protected":false},"author":1,"featured_media":187094,"comment_status":"open","ping_status":"open","sticky":false,"template":"","format":"standard","meta":{"footnotes":""},"categories":[16,19310,128,8,72,10,142,3,45],"tags":[19353,10384,18827,5952,7279,19026],"class_list":{"0":"post-188095","1":"post","2":"type-post","3":"status-publish","4":"format-standard","5":"has-post-thumbnail","7":"category-chiva","8":"category-elecciones-28m","9":"category-infraestructuras","10":"category-la-comarca","11":"category-sin-categorizar","12":"category-la-hoya","13":"category-politica-la-comarca","14":"category-seccion","15":"category-ventana","16":"tag-activa-chiva","17":"tag-chiva","18":"tag-elecciones-municipales-2023","19":"tag-la-hoya-de-bunol-chiva","20":"tag-partido-popular","21":"tag-vox"},"_links":{"self":[{"href":"https:\/\/www.tucomarca.com\/wordpress\/segunda\/wp-json\/wp\/v2\/posts\/188095","targetHints":{"allow":["GET"]}}],"collection":[{"href":"https:\/\/www.tucomarca.com\/wordpress\/segunda\/wp-json\/wp\/v2\/posts"}],"about":[{"href":"https:\/\/www.tucomarca.com\/wordpress\/segunda\/wp-json\/wp\/v2\/types\/post"}],"author":[{"embeddable":true,"href":"https:\/\/www.tucomarca.com\/wordpress\/segunda\/wp-json\/wp\/v2\/users\/1"}],"replies":[{"embeddable":true,"href":"https:\/\/www.tucomarca.com\/wordpress\/segunda\/wp-json\/wp\/v2\/comments?post=188095"}],"version-history":[{"count":0,"href":"https:\/\/www.tucomarca.com\/wordpress\/segunda\/wp-json\/wp\/v2\/posts\/188095\/revisions"}],"wp:featuredmedia":[{"embeddable":true,"href":"https:\/\/www.tucomarca.com\/wordpress\/segunda\/wp-json\/wp\/v2\/media\/187094"}],"wp:attachment":[{"href":"https:\/\/www.tucomarca.com\/wordpress\/segunda\/wp-json\/wp\/v2\/media?parent=188095"}],"wp:term":[{"taxonomy":"category","embeddable":true,"href":"https:\/\/www.tucomarca.com\/wordpress\/segunda\/wp-json\/wp\/v2\/categories?post=188095"},{"taxonomy":"post_tag","embeddable":true,"href":"https:\/\/www.tucomarca.com\/wordpress\/segunda\/wp-json\/wp\/v2\/tags?post=188095"}],"curies":[{"name":"wp","href":"https:\/\/api.w.org\/{rel}","templated":true}]}}