{"id":188509,"date":"2023-06-14T10:00:00","date_gmt":"2023-06-14T09:00:00","guid":{"rendered":"https:\/\/www.tucomarca.com\/wordpress\/segunda\/?p=188509"},"modified":"2023-06-14T16:33:51","modified_gmt":"2023-06-14T15:33:51","slug":"mas-de-150-personas-participan-en-la-campana-de-responsabilidad-social-ambiental-de-alborache","status":"publish","type":"post","link":"https:\/\/www.tucomarca.com\/wordpress\/segunda\/mas-de-150-personas-participan-en-la-campana-de-responsabilidad-social-ambiental-de-alborache\/","title":{"rendered":"M\u00e1s de 150 personas participan en la Campa\u00f1a de Responsabilidad Social Ambiental de Alborache"},"content":{"rendered":"\n<p>El pasado mes de mayo se inici\u00f3 la Campa\u00f1a de Responsabilidad Social Ambiental por parte del Ayuntamiento de Alborache. Esta iniciativa se realiza en la ventanilla \u00fanica del consistorio y ha sido subvencionada por&nbsp;la Conselleria de Participaci\u00f3n, Transparencia, Cooperaci\u00f3n y Calidad Democr\u00e1tica, por la que se conceden subvenciones destinadas a asociaciones y organizaciones sin \u00e1nimo de lucro, as\u00ed como a entidades locales de la Comunitat Valenciana, para la formaci\u00f3n, divulgaci\u00f3n y otras actuaciones en materia de responsabilidad social durante el ejercicio 2023.<\/p>\n\n\n\n<p>Hasta el momento, m\u00e1s de 150 personas han visitado la ventanilla \u00fanica del ayuntamiento de Alborache para conocer las principales acciones de responsabilidad social que los vecinos y vecinas pueden llevar a cabo en materia de medioambiente.<\/p>\n\n\n\n<p>Adem\u00e1s, el ayuntamiento ha desarrollado una campa\u00f1a divulgativa \u201ca pie de calle\u201d y\/o puerta a puerta para concienciar a la ciudadan\u00eda. Estas acciones responden al compromiso del ayuntamiento con la Generalitat Valenciana, concretamente con la Conselleria de Participaci\u00f3n, Transparencia, Cooperaci\u00f3n y Calidad Democr\u00e1tica, que de este modo educar\u00e1 a las personas para conocer aquellas acciones que minimizan o eliminan los factores negativos medioambientales en su propio entorno.<\/p>\n\n\n\n<p>La campa\u00f1a ha estado reforzada con recursos did\u00e1cticos y audiovisuales para su mayor conocimiento. Adem\u00e1s, tambi\u00e9n ha llegado al Consejo Local de participaci\u00f3n ciudadana donde se explicaron las ventajas del cuidado medioambiental, incidiendo, principalmente en los usos, reciclado y separaci\u00f3n de los residuos urbanos.&nbsp;<\/p>\n\n\n\n<p>Otros organismos auton\u00f3micos se combinar\u00e1n, aunando esfuerzos, para que la Ventanilla \u00danica de Responsabilidad&nbsp; Social Ambiental sea un punto de referencia y refuerzo para cumplir con los objetivos de Desarrollo Sostenible (ODS) y con la Agenda 2030, marcada por la ONU.<\/p>\n","protected":false},"excerpt":{"rendered":"<div class=\"mh-excerpt\">El pasado mes de mayo se inici\u00f3 la Campa\u00f1a de Responsabilidad Social Ambiental por parte del Ayuntamiento de Alborache. Esta iniciativa se realiza en la ventanilla \u00fanica del consistorio y ha sido subvencionada por&nbsp;la Conselleria <a class=\"mh-excerpt-more\" href=\"https:\/\/www.tucomarca.com\/wordpress\/segunda\/mas-de-150-personas-participan-en-la-campana-de-responsabilidad-social-ambiental-de-alborache\/\" title=\"M\u00e1s de 150 personas participan en la Campa\u00f1a de Responsabilidad Social Ambiental de Alborache\">[+] <\/a><\/div>\n","protected":false},"author":12,"featured_media":185187,"comment_status":"open","ping_status":"open","sticky":false,"template":"","format":"standard","meta":{"footnotes":""},"categories":[19,128,8,10,117,3],"tags":[10386,5952,19368],"class_list":{"0":"post-188509","1":"post","2":"type-post","3":"status-publish","4":"format-standard","5":"has-post-thumbnail","7":"category-alborache","8":"category-infraestructuras","9":"category-la-comarca","10":"category-la-hoya","11":"category-medio-ambiente-la-comarca","12":"category-seccion","13":"tag-alborache","14":"tag-la-hoya-de-bunol-chiva","15":"tag-responsabilidad-social-ambiental"},"_links":{"self":[{"href":"https:\/\/www.tucomarca.com\/wordpress\/segunda\/wp-json\/wp\/v2\/posts\/188509","targetHints":{"allow":["GET"]}}],"collection":[{"href":"https:\/\/www.tucomarca.com\/wordpress\/segunda\/wp-json\/wp\/v2\/posts"}],"about":[{"href":"https:\/\/www.tucomarca.com\/wordpress\/segunda\/wp-json\/wp\/v2\/types\/post"}],"author":[{"embeddable":true,"href":"https:\/\/www.tucomarca.com\/wordpress\/segunda\/wp-json\/wp\/v2\/users\/12"}],"replies":[{"embeddable":true,"href":"https:\/\/www.tucomarca.com\/wordpress\/segunda\/wp-json\/wp\/v2\/comments?post=188509"}],"version-history":[{"count":0,"href":"https:\/\/www.tucomarca.com\/wordpress\/segunda\/wp-json\/wp\/v2\/posts\/188509\/revisions"}],"wp:featuredmedia":[{"embeddable":true,"href":"https:\/\/www.tucomarca.com\/wordpress\/segunda\/wp-json\/wp\/v2\/media\/185187"}],"wp:attachment":[{"href":"https:\/\/www.tucomarca.com\/wordpress\/segunda\/wp-json\/wp\/v2\/media?parent=188509"}],"wp:term":[{"taxonomy":"category","embeddable":true,"href":"https:\/\/www.tucomarca.com\/wordpress\/segunda\/wp-json\/wp\/v2\/categories?post=188509"},{"taxonomy":"post_tag","embeddable":true,"href":"https:\/\/www.tucomarca.com\/wordpress\/segunda\/wp-json\/wp\/v2\/tags?post=188509"}],"curies":[{"name":"wp","href":"https:\/\/api.w.org\/{rel}","templated":true}]}}