{"id":188523,"date":"2023-06-14T16:00:00","date_gmt":"2023-06-14T15:00:00","guid":{"rendered":"https:\/\/www.tucomarca.com\/wordpress\/segunda\/?p=188523"},"modified":"2023-06-15T09:21:55","modified_gmt":"2023-06-15T08:21:55","slug":"virginia-sanz-y-jose-vicente-anaya-se-incorporan-a-la-candidatura-del-partido-popular-al-congreso-de-los-diputados-por-la-provincia-de-valencia","status":"publish","type":"post","link":"https:\/\/www.tucomarca.com\/wordpress\/segunda\/virginia-sanz-y-jose-vicente-anaya-se-incorporan-a-la-candidatura-del-partido-popular-al-congreso-de-los-diputados-por-la-provincia-de-valencia\/","title":{"rendered":"Virginia Sanz y Jos\u00e9 Vicente Anaya se incorporan a la candidatura del Partido Popular al Congreso de los Diputados por la provincia de Valencia"},"content":{"rendered":"\n<figure class=\"wp-block-image size-large\"><img loading=\"lazy\" decoding=\"async\" width=\"1024\" height=\"682\" src=\"https:\/\/www.tucomarca.com\/wordpress\/segunda\/wp-content\/uploads\/2023\/06\/VirginiaAnaya-1024x682.jpg\" alt=\"\" class=\"wp-image-188526\" srcset=\"https:\/\/www.tucomarca.com\/wordpress\/segunda\/wp-content\/uploads\/2023\/06\/VirginiaAnaya-1024x682.jpg 1024w, https:\/\/www.tucomarca.com\/wordpress\/segunda\/wp-content\/uploads\/2023\/06\/VirginiaAnaya-300x200.jpg 300w, https:\/\/www.tucomarca.com\/wordpress\/segunda\/wp-content\/uploads\/2023\/06\/VirginiaAnaya-768x512.jpg 768w, https:\/\/www.tucomarca.com\/wordpress\/segunda\/wp-content\/uploads\/2023\/06\/VirginiaAnaya.jpg 1181w\" sizes=\"auto, (max-width: 1024px) 100vw, 1024px\" \/><figcaption>La alcaldable por el Partido Popular, Virginia Sanz, ocupa el puesto 10 de la lista del PP; y Jos\u00e9 Vicente Anaya, el und\u00e9cimo.<\/figcaption><\/figure>\n\n\n\n<p>La alcaldable por el Partido Popular y futura alcaldesa de Bu\u00f1ol (en virtud del pacto suscrito con la agrupaci\u00f3n de electores X Bu\u00f1ol), Virginia Sanz; as\u00ed como el actual alcalde de Ayora que ha revalidado con mayor\u00eda absoluta la alcald\u00eda tras las pasadas elecciones municipales, Jos\u00e9 Vicente Anaya, ocupar\u00e1n los puestos d\u00e9cimo y und\u00e9cimo, respectivamente, en la candidatura del Partido Popular al Congreso de los Diputados por la provincia de Valencia, tal como ha hecho p\u00fabico la formaci\u00f3n que preside Carlos Maz\u00f3n este mi\u00e9rcoles.<\/p>\n\n\n\n<p>Unas incorporaciones de ambos pr\u00f3ximos primeros ediles de Bu\u00f1ol y de Ayora en la candidatura de los Populares al Congreso que bien podr\u00eda obedecer a los buenos resultados cosechados por ambos candidatos en sus respectivas localidades. Ya que Jos\u00e9 Vicente Anaya ha logrado una ampl\u00edsima mayor\u00eda absoluta (la cuarta) de 8 ediles frente a 2 del PSPV-PSOE y 3 de EUPV en su municipio; y, en el caso Virginia Sanz, la va a llevar a partir del s\u00e1bado a ser la primera alcaldesa del PP con la que cuente Bu\u00f1ol en toda su historia.<\/p>\n\n\n\n<p>Ya que Bu\u00f1ol es un pueblo en el que tradicionalmente los partidos de izquierda se han alternado en el poder, incluso con pactos a cuatro como en la legislatura 2015-2019 en la que el acuerdo entre el PSPV-PSOE, EUPV, IAB y Votamos Bu\u00f1ol evit\u00f3 que el PP alcanzase el gobierno de la localidad. Una circunstancia parecida a la ocurrida en las elecciones municipales de 2011, cuando la candidatura del Partido Popular fue por primera vez la que m\u00e1s votos cosech\u00f3 aunque sin alcanzar la mayor\u00eda absoluta, lo que fue aprovechado por el PSPV-PSOE, EUPV e IAB para suscribir un pacto de gobierno conjunto que evit\u00f3 que el entonces cabeza de lista de los populares, Marcial D\u00edaz, se hiciese con la alcald\u00eda. Informa: <strong>tucomarca.com<\/strong>.<\/p>\n","protected":false},"excerpt":{"rendered":"<div class=\"mh-excerpt\">La alcaldable por el Partido Popular y futura alcaldesa de Bu\u00f1ol (en virtud del pacto suscrito con la agrupaci\u00f3n de electores X Bu\u00f1ol), Virginia Sanz; as\u00ed como el actual alcalde de Ayora que ha revalidado <a class=\"mh-excerpt-more\" href=\"https:\/\/www.tucomarca.com\/wordpress\/segunda\/virginia-sanz-y-jose-vicente-anaya-se-incorporan-a-la-candidatura-del-partido-popular-al-congreso-de-los-diputados-por-la-provincia-de-valencia\/\" title=\"Virginia Sanz y Jos\u00e9 Vicente Anaya se incorporan a la candidatura del Partido Popular al Congreso de los Diputados por la provincia de Valencia\">[+] <\/a><\/div>\n","protected":false},"author":1,"featured_media":188526,"comment_status":"open","ping_status":"open","sticky":false,"template":"","format":"standard","meta":{"footnotes":""},"categories":[39,38,18,19310,128,8,72,10,142,3,45],"tags":[10540,18827,5952,7279,63],"class_list":{"0":"post-188523","1":"post","2":"type-post","3":"status-publish","4":"format-standard","5":"has-post-thumbnail","7":"category-ayora","8":"category-ayora-cofrentes","9":"category-bunol","10":"category-elecciones-28m","11":"category-infraestructuras","12":"category-la-comarca","13":"category-sin-categorizar","14":"category-la-hoya","15":"category-politica-la-comarca","16":"category-seccion","17":"category-ventana","18":"tag-ayora-cofrentes","19":"tag-elecciones-municipales-2023","20":"tag-la-hoya-de-bunol-chiva","21":"tag-partido-popular","22":"tag-pp"},"_links":{"self":[{"href":"https:\/\/www.tucomarca.com\/wordpress\/segunda\/wp-json\/wp\/v2\/posts\/188523","targetHints":{"allow":["GET"]}}],"collection":[{"href":"https:\/\/www.tucomarca.com\/wordpress\/segunda\/wp-json\/wp\/v2\/posts"}],"about":[{"href":"https:\/\/www.tucomarca.com\/wordpress\/segunda\/wp-json\/wp\/v2\/types\/post"}],"author":[{"embeddable":true,"href":"https:\/\/www.tucomarca.com\/wordpress\/segunda\/wp-json\/wp\/v2\/users\/1"}],"replies":[{"embeddable":true,"href":"https:\/\/www.tucomarca.com\/wordpress\/segunda\/wp-json\/wp\/v2\/comments?post=188523"}],"version-history":[{"count":0,"href":"https:\/\/www.tucomarca.com\/wordpress\/segunda\/wp-json\/wp\/v2\/posts\/188523\/revisions"}],"wp:featuredmedia":[{"embeddable":true,"href":"https:\/\/www.tucomarca.com\/wordpress\/segunda\/wp-json\/wp\/v2\/media\/188526"}],"wp:attachment":[{"href":"https:\/\/www.tucomarca.com\/wordpress\/segunda\/wp-json\/wp\/v2\/media?parent=188523"}],"wp:term":[{"taxonomy":"category","embeddable":true,"href":"https:\/\/www.tucomarca.com\/wordpress\/segunda\/wp-json\/wp\/v2\/categories?post=188523"},{"taxonomy":"post_tag","embeddable":true,"href":"https:\/\/www.tucomarca.com\/wordpress\/segunda\/wp-json\/wp\/v2\/tags?post=188523"}],"curies":[{"name":"wp","href":"https:\/\/api.w.org\/{rel}","templated":true}]}}