{"id":188541,"date":"2023-06-14T21:06:14","date_gmt":"2023-06-14T20:06:14","guid":{"rendered":"https:\/\/www.tucomarca.com\/wordpress\/segunda\/?p=188541"},"modified":"2023-06-14T21:06:22","modified_gmt":"2023-06-14T20:06:22","slug":"partido-popular-y-plataforma-de-urbanizaciones-de-godelleta-oficializan-publicamente-su-pacto-por-la-estabilidad-y-la-concordia-para-esta-legislatura","status":"publish","type":"post","link":"https:\/\/www.tucomarca.com\/wordpress\/segunda\/partido-popular-y-plataforma-de-urbanizaciones-de-godelleta-oficializan-publicamente-su-pacto-por-la-estabilidad-y-la-concordia-para-esta-legislatura\/","title":{"rendered":"Partido Popular y Plataforma de Urbanizaciones de Godelleta oficializan p\u00fablicamente su pacto \u00abpor la estabilidad y la concordia\u00bb para esta legislatura"},"content":{"rendered":"\n<figure class=\"wp-block-image size-large\"><img loading=\"lazy\" decoding=\"async\" width=\"1024\" height=\"682\" src=\"https:\/\/www.tucomarca.com\/wordpress\/segunda\/wp-content\/uploads\/2023\/06\/GodelletafirmaPP-PUG05-1024x682.jpg\" alt=\"\" class=\"wp-image-188569\" srcset=\"https:\/\/www.tucomarca.com\/wordpress\/segunda\/wp-content\/uploads\/2023\/06\/GodelletafirmaPP-PUG05-1024x682.jpg 1024w, https:\/\/www.tucomarca.com\/wordpress\/segunda\/wp-content\/uploads\/2023\/06\/GodelletafirmaPP-PUG05-300x200.jpg 300w, https:\/\/www.tucomarca.com\/wordpress\/segunda\/wp-content\/uploads\/2023\/06\/GodelletafirmaPP-PUG05-768x512.jpg 768w, https:\/\/www.tucomarca.com\/wordpress\/segunda\/wp-content\/uploads\/2023\/06\/GodelletafirmaPP-PUG05.jpg 1181w\" sizes=\"auto, (max-width: 1024px) 100vw, 1024px\" \/><\/figure>\n\n\n\n<p>La cabeza de lista del Partido Popular y presidenta de la formaci\u00f3n en el municipio, Mar\u00eda Amparo Pardo, y el secretario general de la Plataforma de Urbanizaciones de Godelleta (PUG), Vicente Ruiz, han sido los encargados de oficializar con sus respectivas firmas ante las vecinas y vecinos de la localidad congregados en el sal\u00f3n de plenos de la casa consistorial el pacto de ambas fuerzas pol\u00edticas \u00abpor la estabilidad y la concordia para esta legislatura 2023-2027\u00bb, tal como ha sido definido por ambas formaciones.<\/p>\n\n\n\n<p>Tanto Mar\u00eda Amparo Pardo, la pr\u00f3xima alcaldesa en virtud del pacto suscrito, como el cabeza de lista de la PUG, Max Prades, han destacado durante el acto que, tras los resultados electorales del pasado 28 de mayo, \u00ablos ciudadanos de Godelleta han apostado por un cambio, un cambio que, por otro lado, es necesario e imprescindible en el Ayuntamiento de Godelleta\u00bb, tal como ha subrayado Mar\u00eda Amparo Pardo.<\/p>\n\n\n\n<p>\u00abLas urnas han hablado por s\u00ed solas y la lectura de estos comicios deja entrever que los godelletanos necesitan un gobierno leal, honesto, humilde y trabajador. El Partido Popular de Godelleta y la Plataforma de Urbanizaciones de Godelleta somos dos grupos pol\u00edticos competentes que hemos demostrado que sabemos trabajar juntos\u00bb, ha a\u00f1adido.<\/p>\n\n\n\n<p>\u00abTenemos claro que el di\u00e1logo y el entendimiento son la base de una buena negociaci\u00f3n. Juntos ofrecemos un gobierno con concejales dispuestos al cambio, cada uno de ellos especialista en el \u00e1rea de sus concejal\u00edas. Un equipo honesto y competente que ha demostrado que sabe hacer las cosas bien. Godelleta es una localidad que est\u00e1 formada por un casco urbano y sus 28 urbanizaciones y diseminados, estas \u00faltimas con grandes problemas urban\u00edsticos arrastrados desde d\u00e9cadas. Cada zona tiene sus peculiaridades, que tendremos que analizar por separado para dar soluci\u00f3n a todas ellas\u00bb, como destacaron ambos l\u00edderes\u00bb, en palabras de Mar\u00eda Amparo Pardo.<\/p>\n\n\n\n<p>\u00abEl municipio necesita un equipo de gobierno centrado en dar soluciones a todos esos problemas buscando modelos en consenso y no con imposiciones, adaptados a la realidad y no con proyectos ut\u00f3picos. El dialogo y la cooperaci\u00f3n entre el Ayuntamiento y sus vecinos debe ser y ser\u00e1 la t\u00f3nica de nuestra gesti\u00f3n. Nuestra alianza dispone de una mayor\u00eda aplastante gracias a la confianza de los votantes con la cual podemos garantizar esa estabilidad y la concordia necesaria para llevar a buen fin nuestro proyecto\u00bb, ha finalizado Mar\u00eda Amparo Pardo en su intervenci\u00f3n.<\/p>\n\n\n\n<p>Por su parte, el cabeza de lista de la Plataforma de Urbanizaciones, Max Prades, ha recordado durante las preguntas que el p\u00fablico formul\u00f3 en el acto que ambas fuerzas pol\u00edticas han suscrito \u00abun pacto que no est\u00e1 escrito en piedra; l\u00f3gicamente habr\u00e1 cosas que deberemos completar y otras que deberemos ir, sobre la marcha, poniendo en marcha y adapt\u00e1ndonos en el d\u00eda a d\u00eda\u00bb.<\/p>\n\n\n\n<p>Los l\u00edderes de ambas formaciones tambi\u00e9n han enumerado los proyectos y acciones recogidas el extenso programa de gobierno sobre el que han basado su acuerdo, que aborda todas las \u00e1reas de gesti\u00f3n municipal y que va desde la educaci\u00f3n y la cultura a los asuntos sociales; pasando por la econom\u00eda, hacienda, empleo, urbanismo, agricultura, caminos, industria, transporte, sanidad, comercio, servicios o medio ambiente. Dentro de las l\u00edneas maestras de este acuerdo suscrito entre PP y PUG tambi\u00e9n se abordan proyectos y acciones en el terreno de la actividad f\u00edsica, del deporte, de la juventud, de las fiestas, del turismo y, por supuesto, de las urbanizaciones y los diseminados. <strong>tucomarca.com<\/strong>.<\/p>\n\n\n\n<figure class=\"wp-block-gallery has-nested-images columns-1 is-cropped wp-block-gallery-1 is-layout-flex wp-block-gallery-is-layout-flex\">\n<figure class=\"wp-block-image size-large\"><img loading=\"lazy\" decoding=\"async\" width=\"1181\" height=\"787\" data-id=\"188565\" src=\"https:\/\/www.tucomarca.com\/wordpress\/segunda\/wp-content\/uploads\/2023\/06\/GodelletafirmaPP-PUG03.jpg\" alt=\"\" class=\"wp-image-188565\" srcset=\"https:\/\/www.tucomarca.com\/wordpress\/segunda\/wp-content\/uploads\/2023\/06\/GodelletafirmaPP-PUG03.jpg 1181w, https:\/\/www.tucomarca.com\/wordpress\/segunda\/wp-content\/uploads\/2023\/06\/GodelletafirmaPP-PUG03-300x200.jpg 300w, https:\/\/www.tucomarca.com\/wordpress\/segunda\/wp-content\/uploads\/2023\/06\/GodelletafirmaPP-PUG03-1024x682.jpg 1024w, https:\/\/www.tucomarca.com\/wordpress\/segunda\/wp-content\/uploads\/2023\/06\/GodelletafirmaPP-PUG03-768x512.jpg 768w\" sizes=\"auto, (max-width: 1181px) 100vw, 1181px\" \/><\/figure>\n\n\n\n<figure class=\"wp-block-image size-large\"><img loading=\"lazy\" decoding=\"async\" width=\"1181\" height=\"787\" data-id=\"188561\" src=\"https:\/\/www.tucomarca.com\/wordpress\/segunda\/wp-content\/uploads\/2023\/06\/GodelletafirmaPP-PUG01.jpg\" alt=\"\" class=\"wp-image-188561\" srcset=\"https:\/\/www.tucomarca.com\/wordpress\/segunda\/wp-content\/uploads\/2023\/06\/GodelletafirmaPP-PUG01.jpg 1181w, https:\/\/www.tucomarca.com\/wordpress\/segunda\/wp-content\/uploads\/2023\/06\/GodelletafirmaPP-PUG01-300x200.jpg 300w, https:\/\/www.tucomarca.com\/wordpress\/segunda\/wp-content\/uploads\/2023\/06\/GodelletafirmaPP-PUG01-1024x682.jpg 1024w, https:\/\/www.tucomarca.com\/wordpress\/segunda\/wp-content\/uploads\/2023\/06\/GodelletafirmaPP-PUG01-768x512.jpg 768w\" sizes=\"auto, (max-width: 1181px) 100vw, 1181px\" \/><\/figure>\n\n\n\n<figure class=\"wp-block-image size-large\"><img loading=\"lazy\" decoding=\"async\" width=\"1181\" height=\"787\" data-id=\"188563\" src=\"https:\/\/www.tucomarca.com\/wordpress\/segunda\/wp-content\/uploads\/2023\/06\/GodelletafirmaPP-PUG02.jpg\" alt=\"\" class=\"wp-image-188563\" srcset=\"https:\/\/www.tucomarca.com\/wordpress\/segunda\/wp-content\/uploads\/2023\/06\/GodelletafirmaPP-PUG02.jpg 1181w, https:\/\/www.tucomarca.com\/wordpress\/segunda\/wp-content\/uploads\/2023\/06\/GodelletafirmaPP-PUG02-300x200.jpg 300w, https:\/\/www.tucomarca.com\/wordpress\/segunda\/wp-content\/uploads\/2023\/06\/GodelletafirmaPP-PUG02-1024x682.jpg 1024w, https:\/\/www.tucomarca.com\/wordpress\/segunda\/wp-content\/uploads\/2023\/06\/GodelletafirmaPP-PUG02-768x512.jpg 768w\" sizes=\"auto, (max-width: 1181px) 100vw, 1181px\" \/><\/figure>\n\n\n\n<figure class=\"wp-block-image size-large\"><img loading=\"lazy\" decoding=\"async\" width=\"1181\" height=\"787\" data-id=\"188567\" src=\"https:\/\/www.tucomarca.com\/wordpress\/segunda\/wp-content\/uploads\/2023\/06\/GodelletafirmaPP-PUG04.jpg\" alt=\"\" class=\"wp-image-188567\" srcset=\"https:\/\/www.tucomarca.com\/wordpress\/segunda\/wp-content\/uploads\/2023\/06\/GodelletafirmaPP-PUG04.jpg 1181w, https:\/\/www.tucomarca.com\/wordpress\/segunda\/wp-content\/uploads\/2023\/06\/GodelletafirmaPP-PUG04-300x200.jpg 300w, https:\/\/www.tucomarca.com\/wordpress\/segunda\/wp-content\/uploads\/2023\/06\/GodelletafirmaPP-PUG04-1024x682.jpg 1024w, https:\/\/www.tucomarca.com\/wordpress\/segunda\/wp-content\/uploads\/2023\/06\/GodelletafirmaPP-PUG04-768x512.jpg 768w\" sizes=\"auto, (max-width: 1181px) 100vw, 1181px\" \/><\/figure>\n<\/figure>\n\n\n\n<p> <\/p>\n","protected":false},"excerpt":{"rendered":"<div class=\"mh-excerpt\">La cabeza de lista del Partido Popular y presidenta de la formaci\u00f3n en el municipio, Mar\u00eda Amparo Pardo, y el secretario general de la Plataforma de Urbanizaciones de Godelleta (PUG), Vicente Ruiz, han sido los <a class=\"mh-excerpt-more\" href=\"https:\/\/www.tucomarca.com\/wordpress\/segunda\/partido-popular-y-plataforma-de-urbanizaciones-de-godelleta-oficializan-publicamente-su-pacto-por-la-estabilidad-y-la-concordia-para-esta-legislatura\/\" title=\"Partido Popular y Plataforma de Urbanizaciones de Godelleta oficializan p\u00fablicamente su pacto \u00abpor la estabilidad y la concordia\u00bb para esta legislatura\">[+] <\/a><\/div>\n","protected":false},"author":1,"featured_media":188569,"comment_status":"open","ping_status":"open","sticky":false,"template":"","format":"gallery","meta":{"footnotes":""},"categories":[19310,14,128,8,72,10,142,3,45],"tags":[10383,5952,268,7279,19196,63,19197],"class_list":{"0":"post-188541","1":"post","2":"type-post","3":"status-publish","4":"format-gallery","5":"has-post-thumbnail","7":"category-elecciones-28m","8":"category-godelleta","9":"category-infraestructuras","10":"category-la-comarca","11":"category-sin-categorizar","12":"category-la-hoya","13":"category-politica-la-comarca","14":"category-seccion","15":"category-ventana","16":"tag-godelleta","17":"tag-la-hoya-de-bunol-chiva","18":"tag-pacto","19":"tag-partido-popular","20":"tag-plataforma-de-urbanizaciones-de-godelleta","21":"tag-pp","22":"tag-pug","23":"post_format-post-format-gallery"},"_links":{"self":[{"href":"https:\/\/www.tucomarca.com\/wordpress\/segunda\/wp-json\/wp\/v2\/posts\/188541","targetHints":{"allow":["GET"]}}],"collection":[{"href":"https:\/\/www.tucomarca.com\/wordpress\/segunda\/wp-json\/wp\/v2\/posts"}],"about":[{"href":"https:\/\/www.tucomarca.com\/wordpress\/segunda\/wp-json\/wp\/v2\/types\/post"}],"author":[{"embeddable":true,"href":"https:\/\/www.tucomarca.com\/wordpress\/segunda\/wp-json\/wp\/v2\/users\/1"}],"replies":[{"embeddable":true,"href":"https:\/\/www.tucomarca.com\/wordpress\/segunda\/wp-json\/wp\/v2\/comments?post=188541"}],"version-history":[{"count":0,"href":"https:\/\/www.tucomarca.com\/wordpress\/segunda\/wp-json\/wp\/v2\/posts\/188541\/revisions"}],"wp:featuredmedia":[{"embeddable":true,"href":"https:\/\/www.tucomarca.com\/wordpress\/segunda\/wp-json\/wp\/v2\/media\/188569"}],"wp:attachment":[{"href":"https:\/\/www.tucomarca.com\/wordpress\/segunda\/wp-json\/wp\/v2\/media?parent=188541"}],"wp:term":[{"taxonomy":"category","embeddable":true,"href":"https:\/\/www.tucomarca.com\/wordpress\/segunda\/wp-json\/wp\/v2\/categories?post=188541"},{"taxonomy":"post_tag","embeddable":true,"href":"https:\/\/www.tucomarca.com\/wordpress\/segunda\/wp-json\/wp\/v2\/tags?post=188541"}],"curies":[{"name":"wp","href":"https:\/\/api.w.org\/{rel}","templated":true}]}}