{"id":1888,"date":"2012-05-18T09:49:31","date_gmt":"2012-05-18T08:49:31","guid":{"rendered":"http:\/\/www.tucomarca.com\/wordpress\/segunda\/?p=1888"},"modified":"2012-05-18T11:23:42","modified_gmt":"2012-05-18T10:23:42","slug":"pablo-carrascosa-deja-el-cd-cheste-y-se-marcha-al-burriana","status":"publish","type":"post","link":"https:\/\/www.tucomarca.com\/wordpress\/segunda\/pablo-carrascosa-deja-el-cd-cheste-y-se-marcha-al-burriana\/","title":{"rendered":"Pablo Carrascosa deja el CD Cheste y se marcha al Burriana"},"content":{"rendered":"<figure id=\"attachment_1894\" aria-describedby=\"caption-attachment-1894\" style=\"width: 300px\" class=\"wp-caption alignleft\"><a rel=\"attachment wp-att-1894\" href=\"https:\/\/www.tucomarca.com\/wordpress\/segunda\/?attachment_id=1894\"><img loading=\"lazy\" decoding=\"async\" class=\"size-medium wp-image-1894\" src=\"https:\/\/www.tucomarca.com\/wordpress\/segunda\/wp-content\/uploads\/2012\/05\/IMG_5844-300x207.jpg\" alt=\"Foto cedida por Golsmedia. tc.c\" width=\"300\" height=\"207\" srcset=\"https:\/\/www.tucomarca.com\/wordpress\/segunda\/wp-content\/uploads\/2012\/05\/IMG_5844-300x207.jpg 300w, https:\/\/www.tucomarca.com\/wordpress\/segunda\/wp-content\/uploads\/2012\/05\/IMG_5844.jpg 640w\" sizes=\"auto, (max-width: 300px) 100vw, 300px\" \/><\/a><figcaption id=\"caption-attachment-1894\" class=\"wp-caption-text\">Foto cedida por Golsmedia. tc.c<\/figcaption><\/figure>\n<p>El delantero Pablo Carrascosa se ha incorporado ya a las filas del Burriana tras llegar a un acuerdo con la directiva de su ya ex equipo, el CD Cheste.<br \/>\nEl talentoso ariete se marcha tras haberese quedado sin opciones de meterse con los de Carlos Luque en puestos de Promoci\u00f3n, una competici\u00f3n que s\u00ed va a poder jugar con los blanquiazules.<br \/>\nLa llegada de Pablo a Cheste fue determinante para el resurgir de un equipo que se ha quedado a las puertas de jugar su segunda Promoci\u00f3n consecutiva a las \u00f3rdenes del m\u00edster Carlos Luque.<\/p>\n<p>&nbsp;<\/p>\n","protected":false},"excerpt":{"rendered":"<div class=\"mh-excerpt\">El delantero Pablo Carrascosa se ha incorporado ya a las filas del Burriana tras llegar a un acuerdo con la directiva de su ya ex equipo, el CD Cheste. El talentoso ariete se marcha tras <a class=\"mh-excerpt-more\" href=\"https:\/\/www.tucomarca.com\/wordpress\/segunda\/pablo-carrascosa-deja-el-cd-cheste-y-se-marcha-al-burriana\/\" title=\"Pablo Carrascosa deja el CD Cheste y se marcha al Burriana\">[+] <\/a><\/div>\n","protected":false},"author":2,"featured_media":1894,"comment_status":"open","ping_status":"open","sticky":false,"template":"","format":"standard","meta":{"footnotes":""},"categories":[50,17,6,10,3],"tags":[209],"class_list":{"0":"post-1888","1":"post","2":"type-post","3":"status-publish","4":"format-standard","5":"has-post-thumbnail","7":"category-futbol-deportes","8":"category-cheste","9":"category-deportes","10":"category-la-hoya","11":"category-seccion","12":"tag-promocion"},"_links":{"self":[{"href":"https:\/\/www.tucomarca.com\/wordpress\/segunda\/wp-json\/wp\/v2\/posts\/1888","targetHints":{"allow":["GET"]}}],"collection":[{"href":"https:\/\/www.tucomarca.com\/wordpress\/segunda\/wp-json\/wp\/v2\/posts"}],"about":[{"href":"https:\/\/www.tucomarca.com\/wordpress\/segunda\/wp-json\/wp\/v2\/types\/post"}],"author":[{"embeddable":true,"href":"https:\/\/www.tucomarca.com\/wordpress\/segunda\/wp-json\/wp\/v2\/users\/2"}],"replies":[{"embeddable":true,"href":"https:\/\/www.tucomarca.com\/wordpress\/segunda\/wp-json\/wp\/v2\/comments?post=1888"}],"version-history":[{"count":0,"href":"https:\/\/www.tucomarca.com\/wordpress\/segunda\/wp-json\/wp\/v2\/posts\/1888\/revisions"}],"wp:featuredmedia":[{"embeddable":true,"href":"https:\/\/www.tucomarca.com\/wordpress\/segunda\/wp-json\/wp\/v2\/media\/1894"}],"wp:attachment":[{"href":"https:\/\/www.tucomarca.com\/wordpress\/segunda\/wp-json\/wp\/v2\/media?parent=1888"}],"wp:term":[{"taxonomy":"category","embeddable":true,"href":"https:\/\/www.tucomarca.com\/wordpress\/segunda\/wp-json\/wp\/v2\/categories?post=1888"},{"taxonomy":"post_tag","embeddable":true,"href":"https:\/\/www.tucomarca.com\/wordpress\/segunda\/wp-json\/wp\/v2\/tags?post=1888"}],"curies":[{"name":"wp","href":"https:\/\/api.w.org\/{rel}","templated":true}]}}