{"id":188806,"date":"2023-06-17T17:00:00","date_gmt":"2023-06-17T16:00:00","guid":{"rendered":"https:\/\/www.tucomarca.com\/wordpress\/segunda\/?p=188806"},"modified":"2023-06-18T13:40:13","modified_gmt":"2023-06-18T12:40:13","slug":"rocio-cortes-grau-pp-sera-la-alcaldesa-de-requena-durante-los-proximos-cuatro-anos-con-el-apoyo-del-prya","status":"publish","type":"post","link":"https:\/\/www.tucomarca.com\/wordpress\/segunda\/rocio-cortes-grau-pp-sera-la-alcaldesa-de-requena-durante-los-proximos-cuatro-anos-con-el-apoyo-del-prya\/","title":{"rendered":"Roc\u00edo Cort\u00e9s Grau (PP) ser\u00e1 la alcaldesa de Requena durante los pr\u00f3ximos cuatro a\u00f1os con el apoyo del PRyA"},"content":{"rendered":"\n<p>La cabeza de la candidatura del Partido Popular de Requena, en las \u00faltimas elecciones municipales,Roc\u00edo Cort\u00e9s, ha sido proclamada alcaldesa del municipio de Requena conformado por el pueblo y sus 25 aldeas.<\/p>\n\n\n\n<p>Cort\u00e9s sustituye en el cargo a Mario S\u00e1nchez, del PSOE, que lo ha representado en los \u00faltimos a\u00f1os.<\/p>\n\n\n\n<p>Recordar que el Partido Popular obtuvo en las pasadas elecciones ocho concejales, igual que los socialistas. Por tanto, est\u00e1 formaci\u00f3n pol\u00edtica y el Partido de Requena y Aldeas -PRyA-, que consigui\u00f3 tres ediles llegaron a un acuerdo que les ha permitido sumar mayor\u00eda absoluta.<\/p>\n\n\n\n<p>Por su parte, VOX consigui\u00f3 representaci\u00f3n, por vez primera en el consistorio, con dos ediles.<\/p>\n\n\n\n<p>La nueva corporaci\u00f3n municipal requenense estar\u00e1 compuesta por los siguientes concejales:<\/p>\n\n\n\n<p>Por parte del PP, estos ser\u00e1n los ediles y las \u00e1reas que representar\u00e1n: Roc\u00edo Cort\u00e9s Grao, Alcaldesa y Hacienda; Alberto Garc\u00eda Caba\u00f1as, Feria y Festejos, Cultura, Comunicaci\u00f3n, Promoci\u00f3n&nbsp; Econ\u00f3mica y Transparencia; Adolfo Mu\u00f1oz Loro, Personal, Gobernaci\u00f3n, Industria, Eficiencia Energ\u00e9tica y Turismo; Julio Eulogio Mart\u00ednez Gorbe, Deportes y Comercio; Evangelina Concepci\u00f3n S\u00e1nchez Acero, Infancia, Juventud, Mayores, Igualdad e Inform\u00e1tica; Silvia Arocas Mart\u00ednez, Servicios Sociales, Educaci\u00f3n y Patrimonio; Alejandro Hern\u00e1ndez Pardo, Agricultura yBlanca P\u00e9rez Lara, Sanidad<\/p>\n\n\n\n<p>Por parte del PRyA: Joaqu\u00edn Gonz\u00e1lez Gonz\u00e1lez , Primer teniente alcalde, Urbanismo, Obras, Accesibilidad, Transporte y Aldeas; Javier Jord\u00e1 S\u00e1nchez, Brigada y Servicios P\u00fablicos y \u00c1ngeles Pilar L\u00f3pez Hern\u00e1ndez, Medio Ambiente y Caminos.<\/p>\n\n\n\n<p>En las fotos: Arriba, la nueva corporaci\u00f3n municipal con la alcaldesa sentada y abajo, la corporaci\u00f3n municipal m\u00e1s los dos ediles de Vox. Informa, <strong>Luis Ib\u00e1\u00f1ez<\/strong>.<\/p>\n\n\n\n<figure class=\"wp-block-image size-full\"><img loading=\"lazy\" decoding=\"async\" width=\"816\" height=\"816\" src=\"https:\/\/www.tucomarca.com\/wordpress\/segunda\/wp-content\/uploads\/2023\/06\/RocioCortesRequenaPP.jpg\" alt=\"\" class=\"wp-image-188808\" srcset=\"https:\/\/www.tucomarca.com\/wordpress\/segunda\/wp-content\/uploads\/2023\/06\/RocioCortesRequenaPP.jpg 816w, https:\/\/www.tucomarca.com\/wordpress\/segunda\/wp-content\/uploads\/2023\/06\/RocioCortesRequenaPP-300x300.jpg 300w, https:\/\/www.tucomarca.com\/wordpress\/segunda\/wp-content\/uploads\/2023\/06\/RocioCortesRequenaPP-290x290.jpg 290w, https:\/\/www.tucomarca.com\/wordpress\/segunda\/wp-content\/uploads\/2023\/06\/RocioCortesRequenaPP-768x768.jpg 768w\" sizes=\"auto, (max-width: 816px) 100vw, 816px\" \/><figcaption>El equipo de Gobierno m\u00e1s los dos ediles de Vox.<\/figcaption><\/figure>\n","protected":false},"excerpt":{"rendered":"<div class=\"mh-excerpt\">La cabeza de la candidatura del Partido Popular de Requena, en las \u00faltimas elecciones municipales,Roc\u00edo Cort\u00e9s, ha sido proclamada alcaldesa del municipio de Requena conformado por el pueblo y sus 25 aldeas. Cort\u00e9s sustituye en <a class=\"mh-excerpt-more\" href=\"https:\/\/www.tucomarca.com\/wordpress\/segunda\/rocio-cortes-grau-pp-sera-la-alcaldesa-de-requena-durante-los-proximos-cuatro-anos-con-el-apoyo-del-prya\/\" title=\"Roc\u00edo Cort\u00e9s Grau (PP) ser\u00e1 la alcaldesa de Requena durante los pr\u00f3ximos cuatro a\u00f1os con el apoyo del PRyA\">[+] <\/a><\/div>\n","protected":false},"author":1,"featured_media":188810,"comment_status":"open","ping_status":"open","sticky":false,"template":"","format":"standard","meta":{"footnotes":""},"categories":[19310,128,8,72,142,28,27,3,45],"tags":[18827,7279,7827,10388,10387],"class_list":{"0":"post-188806","1":"post","2":"type-post","3":"status-publish","4":"format-standard","5":"has-post-thumbnail","7":"category-elecciones-28m","8":"category-infraestructuras","9":"category-la-comarca","10":"category-sin-categorizar","11":"category-politica-la-comarca","12":"category-requena","13":"category-requena-utiel","14":"category-seccion","15":"category-ventana","16":"tag-elecciones-municipales-2023","17":"tag-partido-popular","18":"tag-prya","19":"tag-requena","20":"tag-requena-utiel"},"_links":{"self":[{"href":"https:\/\/www.tucomarca.com\/wordpress\/segunda\/wp-json\/wp\/v2\/posts\/188806","targetHints":{"allow":["GET"]}}],"collection":[{"href":"https:\/\/www.tucomarca.com\/wordpress\/segunda\/wp-json\/wp\/v2\/posts"}],"about":[{"href":"https:\/\/www.tucomarca.com\/wordpress\/segunda\/wp-json\/wp\/v2\/types\/post"}],"author":[{"embeddable":true,"href":"https:\/\/www.tucomarca.com\/wordpress\/segunda\/wp-json\/wp\/v2\/users\/1"}],"replies":[{"embeddable":true,"href":"https:\/\/www.tucomarca.com\/wordpress\/segunda\/wp-json\/wp\/v2\/comments?post=188806"}],"version-history":[{"count":0,"href":"https:\/\/www.tucomarca.com\/wordpress\/segunda\/wp-json\/wp\/v2\/posts\/188806\/revisions"}],"wp:featuredmedia":[{"embeddable":true,"href":"https:\/\/www.tucomarca.com\/wordpress\/segunda\/wp-json\/wp\/v2\/media\/188810"}],"wp:attachment":[{"href":"https:\/\/www.tucomarca.com\/wordpress\/segunda\/wp-json\/wp\/v2\/media?parent=188806"}],"wp:term":[{"taxonomy":"category","embeddable":true,"href":"https:\/\/www.tucomarca.com\/wordpress\/segunda\/wp-json\/wp\/v2\/categories?post=188806"},{"taxonomy":"post_tag","embeddable":true,"href":"https:\/\/www.tucomarca.com\/wordpress\/segunda\/wp-json\/wp\/v2\/tags?post=188806"}],"curies":[{"name":"wp","href":"https:\/\/api.w.org\/{rel}","templated":true}]}}