{"id":1890,"date":"2012-05-18T09:36:32","date_gmt":"2012-05-18T08:36:32","guid":{"rendered":"http:\/\/www.tucomarca.com\/wordpress\/segunda\/?p=1890"},"modified":"2012-05-18T09:36:32","modified_gmt":"2012-05-18T08:36:32","slug":"la-pobla-de-vallbona-conmemora-el-630-aniversario-de-su-carta-pobla","status":"publish","type":"post","link":"https:\/\/www.tucomarca.com\/wordpress\/segunda\/la-pobla-de-vallbona-conmemora-el-630-aniversario-de-su-carta-pobla\/","title":{"rendered":"La Pobla de Vallbona conmemora el 630 aniversario de su Carta-Pobla"},"content":{"rendered":"<div>\n<p>El  Ayuntamiento de la Pobla de Vallbona desarrolla en los \u00faltimos d\u00edas los actos  conmemorativos del 630 aniversario de su Carta-Pobla, el documento  fundacional del municipio. Concretamente, para este fin de semana se ha  organizado un Mercado Medieval en el parque municipal.<\/p>\n<p>Este viernes 18 de mayo, a las 11 de la ma\u00f1ana, en el Sal\u00f3n de Plenos del Ayuntamiento se  llevar\u00e1 a cabo un acto institucional en el cual alumnos del colegio San  Rafael de la Pobla realizar\u00e1n una lectura de la Carta-Pobla.<\/p>\n<p>Ya por la tarde, a las 20 horas, se inaugurar\u00e1 el Mercado Medieval,  que se prolongar\u00e1 durante todo el s\u00e1bado y todo el domingo. Habr\u00e1 m\u00fasica  y danzarinas, espect\u00e1culos de \u00e9poca, artesanos, productos de  alimentaci\u00f3n, la tradicional teter\u00eda en jaima y zonas de juegos  infantiles.<\/p>\n<p>Los actos de conmemoraci\u00f3n del 630 aniversario de la Carta-Pobla se  iniciaron hace tres semanas con las Jornadas de Historia de la Pobla,  que dedicaron gran parte de su tem\u00e1tica a conocer el documento original  que en 1382 supuso el nacimiento de la Pobla de Vallbona.<\/p>\n<\/div>\n","protected":false},"excerpt":{"rendered":"<div class=\"mh-excerpt\">El Ayuntamiento de la Pobla de Vallbona desarrolla en los \u00faltimos d\u00edas los actos conmemorativos del 630 aniversario de su Carta-Pobla, el documento fundacional del municipio. Concretamente, para este fin de semana se ha organizado <a class=\"mh-excerpt-more\" href=\"https:\/\/www.tucomarca.com\/wordpress\/segunda\/la-pobla-de-vallbona-conmemora-el-630-aniversario-de-su-carta-pobla\/\" title=\"La Pobla de Vallbona conmemora el 630 aniversario de su Carta-Pobla\">[+] <\/a><\/div>\n","protected":false},"author":2,"featured_media":0,"comment_status":"open","ping_status":"open","sticky":false,"template":"","format":"standard","meta":{"footnotes":""},"categories":[46,8,174,7,3],"tags":[],"class_list":{"0":"post-1890","1":"post","2":"type-post","3":"status-publish","4":"format-standard","6":"category-camp-de-turia","7":"category-la-comarca","8":"category-la-pobla","9":"category-ocio-y-cultura","10":"category-seccion"},"_links":{"self":[{"href":"https:\/\/www.tucomarca.com\/wordpress\/segunda\/wp-json\/wp\/v2\/posts\/1890","targetHints":{"allow":["GET"]}}],"collection":[{"href":"https:\/\/www.tucomarca.com\/wordpress\/segunda\/wp-json\/wp\/v2\/posts"}],"about":[{"href":"https:\/\/www.tucomarca.com\/wordpress\/segunda\/wp-json\/wp\/v2\/types\/post"}],"author":[{"embeddable":true,"href":"https:\/\/www.tucomarca.com\/wordpress\/segunda\/wp-json\/wp\/v2\/users\/2"}],"replies":[{"embeddable":true,"href":"https:\/\/www.tucomarca.com\/wordpress\/segunda\/wp-json\/wp\/v2\/comments?post=1890"}],"version-history":[{"count":0,"href":"https:\/\/www.tucomarca.com\/wordpress\/segunda\/wp-json\/wp\/v2\/posts\/1890\/revisions"}],"wp:attachment":[{"href":"https:\/\/www.tucomarca.com\/wordpress\/segunda\/wp-json\/wp\/v2\/media?parent=1890"}],"wp:term":[{"taxonomy":"category","embeddable":true,"href":"https:\/\/www.tucomarca.com\/wordpress\/segunda\/wp-json\/wp\/v2\/categories?post=1890"},{"taxonomy":"post_tag","embeddable":true,"href":"https:\/\/www.tucomarca.com\/wordpress\/segunda\/wp-json\/wp\/v2\/tags?post=1890"}],"curies":[{"name":"wp","href":"https:\/\/api.w.org\/{rel}","templated":true}]}}