{"id":189620,"date":"2023-06-26T11:00:00","date_gmt":"2023-06-26T10:00:00","guid":{"rendered":"https:\/\/www.tucomarca.com\/wordpress\/segunda\/?p=189620"},"modified":"2023-06-26T20:42:11","modified_gmt":"2023-06-26T19:42:11","slug":"la-alcaldesa-de-carlet-pp-laura-saez-sera-la-diputada-provincial-por-el-partido-judicial-de-valencia","status":"publish","type":"post","link":"https:\/\/www.tucomarca.com\/wordpress\/segunda\/la-alcaldesa-de-carlet-pp-laura-saez-sera-la-diputada-provincial-por-el-partido-judicial-de-valencia\/","title":{"rendered":"La alcaldesa de Carlet (PP), Laura S\u00e1ez, ser\u00e1 la diputada provincial por el Partido Judicial de Valencia"},"content":{"rendered":"\n<p>La alcaldesa de Carlet, Laura S\u00e1ez, ser\u00e1 diputada provincial en el partido Judicial de Val\u00e8ncia por el Partido Popular, tal como ha aprobado el Comit\u00e9 Provincial de Valencia de la formaci\u00f3n que ha presidido Vicente Momp\u00f3. Una Diputaci\u00f3n Provincial que est\u00e1 a la espera de su constituci\u00f3n as\u00ed como del color pol\u00edtico de su gobierno, que depender\u00e1 del voto del diputado de Ens Uneix.<\/p>\n\n\n\n<p>Desde el PP de la provincia de Valencia han hecho p\u00fablicos los nombres de los 13 diputados provinciales que ocupar\u00e1n un esca\u00f1o en la Diputaci\u00f3 de Val\u00e8ncia, entre los que se encuentran, adem\u00e1s del propio Vicente Momp\u00f3 (Gavarda), por el partido judicial de X\u00e0tiva; Reme Mazzolari (Ll\u00edria), por el Partido Judicial de Ll\u00edria; Ricardo Gabald\u00f3n, por partido Judicial de Requena; Paco Teruel (Benimodo), por el partido judicial de Alzira; Paz Carceller (Puzol), por el partido judicial de Sagunto; y Avelino Mascarell (Xeraco), por el partido judicial de Gandia.\u00a0<\/p>\n\n\n<div class=\"wp-block-image\">\n<figure class=\"aligncenter size-large is-resized\"><img loading=\"lazy\" decoding=\"async\" src=\"https:\/\/www.tucomarca.com\/wordpress\/segunda\/wp-content\/uploads\/2023\/06\/vicentemompo-1024x847.jpg\" alt=\"\" class=\"wp-image-189553\" width=\"528\" height=\"436\" srcset=\"https:\/\/www.tucomarca.com\/wordpress\/segunda\/wp-content\/uploads\/2023\/06\/vicentemompo-1024x847.jpg 1024w, https:\/\/www.tucomarca.com\/wordpress\/segunda\/wp-content\/uploads\/2023\/06\/vicentemompo-300x248.jpg 300w, https:\/\/www.tucomarca.com\/wordpress\/segunda\/wp-content\/uploads\/2023\/06\/vicentemompo-768x635.jpg 768w, https:\/\/www.tucomarca.com\/wordpress\/segunda\/wp-content\/uploads\/2023\/06\/vicentemompo.jpg 1181w\" sizes=\"auto, (max-width: 528px) 100vw, 528px\" \/><\/figure>\n<\/div>\n\n\n<p>A ellos se unen los siete diputados que representar\u00e1n a la Diputaci\u00f3 por el Partido Judicial de Valencia: Roc\u00edo Gil (Valencia); Amparo Folgado (Torrent); Inma Gonz\u00e1lez (Picassent); Paco Comes&nbsp; (Massanassa); Juan Ram\u00f3n Adsuara (Alfafar): Pedro Cuesta (Meliana).<\/p>\n","protected":false},"excerpt":{"rendered":"<div class=\"mh-excerpt\">La alcaldesa de Carlet, Laura S\u00e1ez, ser\u00e1 diputada provincial en el partido Judicial de Val\u00e8ncia por el Partido Popular, tal como ha aprobado el Comit\u00e9 Provincial de Valencia de la formaci\u00f3n que ha presidido Vicente <a class=\"mh-excerpt-more\" href=\"https:\/\/www.tucomarca.com\/wordpress\/segunda\/la-alcaldesa-de-carlet-pp-laura-saez-sera-la-diputada-provincial-por-el-partido-judicial-de-valencia\/\" title=\"La alcaldesa de Carlet (PP), Laura S\u00e1ez, ser\u00e1 la diputada provincial por el Partido Judicial de Valencia\">[+] <\/a><\/div>\n","protected":false},"author":12,"featured_media":189631,"comment_status":"open","ping_status":"open","sticky":false,"template":"","format":"standard","meta":{"footnotes":""},"categories":[291,128,8,42,142,3,45],"tags":[10462,19428,19434,1407],"class_list":{"0":"post-189620","1":"post","2":"type-post","3":"status-publish","4":"format-standard","5":"has-post-thumbnail","7":"category-carlet","8":"category-infraestructuras","9":"category-la-comarca","10":"category-la-ribera","11":"category-politica-la-comarca","12":"category-seccion","13":"category-ventana","14":"tag-carlet","15":"tag-diputada-provincial","16":"tag-laura-saez","17":"tag-ribera-alta"},"_links":{"self":[{"href":"https:\/\/www.tucomarca.com\/wordpress\/segunda\/wp-json\/wp\/v2\/posts\/189620","targetHints":{"allow":["GET"]}}],"collection":[{"href":"https:\/\/www.tucomarca.com\/wordpress\/segunda\/wp-json\/wp\/v2\/posts"}],"about":[{"href":"https:\/\/www.tucomarca.com\/wordpress\/segunda\/wp-json\/wp\/v2\/types\/post"}],"author":[{"embeddable":true,"href":"https:\/\/www.tucomarca.com\/wordpress\/segunda\/wp-json\/wp\/v2\/users\/12"}],"replies":[{"embeddable":true,"href":"https:\/\/www.tucomarca.com\/wordpress\/segunda\/wp-json\/wp\/v2\/comments?post=189620"}],"version-history":[{"count":0,"href":"https:\/\/www.tucomarca.com\/wordpress\/segunda\/wp-json\/wp\/v2\/posts\/189620\/revisions"}],"wp:featuredmedia":[{"embeddable":true,"href":"https:\/\/www.tucomarca.com\/wordpress\/segunda\/wp-json\/wp\/v2\/media\/189631"}],"wp:attachment":[{"href":"https:\/\/www.tucomarca.com\/wordpress\/segunda\/wp-json\/wp\/v2\/media?parent=189620"}],"wp:term":[{"taxonomy":"category","embeddable":true,"href":"https:\/\/www.tucomarca.com\/wordpress\/segunda\/wp-json\/wp\/v2\/categories?post=189620"},{"taxonomy":"post_tag","embeddable":true,"href":"https:\/\/www.tucomarca.com\/wordpress\/segunda\/wp-json\/wp\/v2\/tags?post=189620"}],"curies":[{"name":"wp","href":"https:\/\/api.w.org\/{rel}","templated":true}]}}