{"id":189708,"date":"2023-06-27T12:00:00","date_gmt":"2023-06-27T11:00:00","guid":{"rendered":"https:\/\/www.tucomarca.com\/wordpress\/segunda\/?p=189708"},"modified":"2023-06-27T13:02:54","modified_gmt":"2023-06-27T12:02:54","slug":"la-unio-cifra-en-mas-de-1-millon-de-euros-las-perdidas-en-unas-1-000-hectareas-de-cultivo-del-norte-de-requena-utiel-danadas-por-el-pedrisco-de-ayer","status":"publish","type":"post","link":"https:\/\/www.tucomarca.com\/wordpress\/segunda\/la-unio-cifra-en-mas-de-1-millon-de-euros-las-perdidas-en-unas-1-000-hectareas-de-cultivo-del-norte-de-requena-utiel-danadas-por-el-pedrisco-de-ayer\/","title":{"rendered":"La Uni\u00f3 cifra en m\u00e1s de 1 mill\u00f3n de euros las p\u00e9rdidas\u00a0en unas 1.000 hect\u00e1reas de cultivo del norte de Requena-Utiel da\u00f1adas por el pedrisco de ayer"},"content":{"rendered":"\n<p><strong>La organizaci\u00f3n solicitar\u00e1 una serie de medidas para las personas afectadas<\/strong><\/p>\n\n\n\n<p>La Uni\u00f3 Llauradora informa que las tormentas de ayer acompa\u00f1adas de pedrisco en algunas zonas han afectado a unas 1.000 hect\u00e1reas de cultivo de la comarca de Utiel-Requena, con unas p\u00e9rdidas iniciales en una primera evaluaci\u00f3n de urgencia estimadas en alrededor de 1 mill\u00f3n de euros.<\/p>\n\n\n\n<p>La zona m\u00e1s afectada es el norte de la comarca, fundamentalmente las aldeas de Las Cuevas y La Torre, en el t\u00e9rmino municipal de Utiel. En unas 300 hect\u00e1reas del radio de las 1.000 acotadas por los efectos del pedrisco, los da\u00f1os llegan a ser del 100%.<\/p>\n\n\n\n<p>La vi\u00f1a es sin duda el cultivo m\u00e1s perjudicado por el granizo, aunque habr\u00e1 que esperar a observar con mayor precisi\u00f3n los da\u00f1os en el almendro, aunque en todo caso no estar\u00eda tan da\u00f1ado como la uva de vinificaci\u00f3n. Conforme evolucione la almendra en los pr\u00f3ximos d\u00edas, la cifra de p\u00e9rdidas del mill\u00f3n de euros podr\u00eda ser incluso superior.&nbsp; &nbsp;<\/p>\n\n\n\n<p>La Uni\u00f3 solicitar\u00e1 una serie de medidas para compensar los da\u00f1os de las personas afectadas por este siniestro de ayer, los ocurridos anteriormente y los que puedan originarse este verano.&nbsp;<\/p>\n\n\n\n<p>En este sentido reclamar\u00e1 entre otras cosas la concesi\u00f3n de ayudas directas, la agilizaci\u00f3n de las peritaciones de los campos siniestrados con p\u00f3liza de seguro, la condonaci\u00f3n del IBI de las parcelas cultivadas y construcciones presentes en ellas, la bonificaci\u00f3n de las cuotas de la Seguridad Social durante un a\u00f1o y el establecimiento de pr\u00e9stamos con inter\u00e9s subvencionado.&nbsp;<\/p>\n\n\n\n<p>As\u00ed mismo, solicitar\u00e1 a la Conselleria de Agricultura incrementar en los seguros agrarios la subvenci\u00f3n a las personas agricultoras profesionales hasta el m\u00e1ximo permitido por la UE del 70% del recibo de prima con objeto de incrementar los niveles de aseguramiento.<\/p>\n","protected":false},"excerpt":{"rendered":"<div class=\"mh-excerpt\">La organizaci\u00f3n solicitar\u00e1 una serie de medidas para las personas afectadas La Uni\u00f3 Llauradora informa que las tormentas de ayer acompa\u00f1adas de pedrisco en algunas zonas han afectado a unas 1.000 hect\u00e1reas de cultivo de <a class=\"mh-excerpt-more\" href=\"https:\/\/www.tucomarca.com\/wordpress\/segunda\/la-unio-cifra-en-mas-de-1-millon-de-euros-las-perdidas-en-unas-1-000-hectareas-de-cultivo-del-norte-de-requena-utiel-danadas-por-el-pedrisco-de-ayer\/\" title=\"La Uni\u00f3 cifra en m\u00e1s de 1 mill\u00f3n de euros las p\u00e9rdidas\u00a0en unas 1.000 hect\u00e1reas de cultivo del norte de Requena-Utiel da\u00f1adas por el pedrisco de ayer\">[+] <\/a><\/div>\n","protected":false},"author":1,"featured_media":189709,"comment_status":"open","ping_status":"open","sticky":false,"template":"","format":"standard","meta":{"footnotes":""},"categories":[169,128,8,117,27,3,116,29,45],"tags":[85,1443,10387,10389],"class_list":{"0":"post-189708","1":"post","2":"type-post","3":"status-publish","4":"format-standard","5":"has-post-thumbnail","7":"category-agricultura-la-comarca","8":"category-infraestructuras","9":"category-la-comarca","10":"category-medio-ambiente-la-comarca","11":"category-requena-utiel","12":"category-seccion","13":"category-sucesos-la-comarca","14":"category-utiel","15":"category-ventana","16":"tag-agricultura","17":"tag-pedrisco","18":"tag-requena-utiel","19":"tag-utiel"},"_links":{"self":[{"href":"https:\/\/www.tucomarca.com\/wordpress\/segunda\/wp-json\/wp\/v2\/posts\/189708","targetHints":{"allow":["GET"]}}],"collection":[{"href":"https:\/\/www.tucomarca.com\/wordpress\/segunda\/wp-json\/wp\/v2\/posts"}],"about":[{"href":"https:\/\/www.tucomarca.com\/wordpress\/segunda\/wp-json\/wp\/v2\/types\/post"}],"author":[{"embeddable":true,"href":"https:\/\/www.tucomarca.com\/wordpress\/segunda\/wp-json\/wp\/v2\/users\/1"}],"replies":[{"embeddable":true,"href":"https:\/\/www.tucomarca.com\/wordpress\/segunda\/wp-json\/wp\/v2\/comments?post=189708"}],"version-history":[{"count":0,"href":"https:\/\/www.tucomarca.com\/wordpress\/segunda\/wp-json\/wp\/v2\/posts\/189708\/revisions"}],"wp:featuredmedia":[{"embeddable":true,"href":"https:\/\/www.tucomarca.com\/wordpress\/segunda\/wp-json\/wp\/v2\/media\/189709"}],"wp:attachment":[{"href":"https:\/\/www.tucomarca.com\/wordpress\/segunda\/wp-json\/wp\/v2\/media?parent=189708"}],"wp:term":[{"taxonomy":"category","embeddable":true,"href":"https:\/\/www.tucomarca.com\/wordpress\/segunda\/wp-json\/wp\/v2\/categories?post=189708"},{"taxonomy":"post_tag","embeddable":true,"href":"https:\/\/www.tucomarca.com\/wordpress\/segunda\/wp-json\/wp\/v2\/tags?post=189708"}],"curies":[{"name":"wp","href":"https:\/\/api.w.org\/{rel}","templated":true}]}}