{"id":189885,"date":"2023-07-04T12:00:00","date_gmt":"2023-07-04T11:00:00","guid":{"rendered":"https:\/\/www.tucomarca.com\/wordpress\/segunda\/?p=189885"},"modified":"2023-07-04T12:40:00","modified_gmt":"2023-07-04T11:40:00","slug":"el-equipo-de-gobierno-del-ayuntamiento-de-godelleta-pp-pug-da-a-conocer-en-el-plenario-el-reparto-de-competencias-entre-sus-ediles","status":"publish","type":"post","link":"https:\/\/www.tucomarca.com\/wordpress\/segunda\/el-equipo-de-gobierno-del-ayuntamiento-de-godelleta-pp-pug-da-a-conocer-en-el-plenario-el-reparto-de-competencias-entre-sus-ediles\/","title":{"rendered":"El equipo de gobierno del Ayuntamiento de Godelleta (PP-PUG) da a conocer en el plenario el reparto de competencias entre sus ediles"},"content":{"rendered":"\n<p>El equipo de gobierno del Ayuntamiento de Godelleta, compuesto por el Partido Popular y por la Plataforma de Urbanizaciones (PUG) y que preside la alcaldesa Amparo Pardo (PP), ha dado  conocer en la \u00faltima sesi\u00f3n plenaria del consistorio el reparto de competencias municipales entre sus concejales. <\/p>\n\n\n\n<p>De este modo, la alcaldesa se har\u00e1 cargo, adem\u00e1s de las tareas propias de su cargo, de la concejal\u00eda de Urbanismo; mientras que M\u00e1ximo Prades (PUG), adem\u00e1s de primer teniente de alcalde administrar\u00e1 las concejal\u00edas de Econom\u00eda, Hacienda, Contrataci\u00f3n, Urbanizaciones y Diseminados.<\/p>\n\n\n\n<p>La segunda teniente de alcalde ser\u00e1 la popular Francisca Rico L\u00e1zaro, que adem\u00e1s se ocupar\u00e1 de las concejal\u00edas de Educaci\u00f3n, Cultura, Fiestas y Servicios Municipales. Mientras que Jos\u00e9 Miguel Caballero (PP) ser\u00e1 el tercer teniente de alcalde y administrar\u00e1 las concejal\u00edas de Agricultura, Industria, Comercio y Transporte. Adem\u00e1s, Silvia L\u00f3pez (PP) estar\u00e1 al cargo de las concejal\u00edas de Sanidad, Bienestar Social y Turismo; Juan Tar\u00edn (PP) administrar\u00e1 las concejal\u00edas de Actividad F\u00edsica, Deporte y Juventud; y, por \u00faltimo, Vicente Ruiz (PUG) se encargar\u00e1 de la concejal\u00eda de Medio Ambiente.<\/p>\n\n\n\n<p>Amparo Pardo tambi\u00e9n explic\u00f3 durante el pleno que cuando se produzca el cambio en la alcald\u00eda entre el PP y la PUG durante el \u00faltimo a\u00f1o de la legislatura, \u00abtodas las competencias de los concejales se mantendr\u00e1n igual a excepci\u00f3n de la alcald\u00eda y de la primera tenencia de alcald\u00eda. En ese momento intercambiaremos la alcald\u00eda y la primera tenencia de alcald\u00eda \u00fanicamente, ya que el resto de competencias que llevamos ambos ediles las mantendremos\u00bb.<\/p>\n","protected":false},"excerpt":{"rendered":"<div class=\"mh-excerpt\">El equipo de gobierno del Ayuntamiento de Godelleta, compuesto por el Partido Popular y por la Plataforma de Urbanizaciones (PUG) y que preside la alcaldesa Amparo Pardo (PP), ha dado conocer en la \u00faltima sesi\u00f3n <a class=\"mh-excerpt-more\" href=\"https:\/\/www.tucomarca.com\/wordpress\/segunda\/el-equipo-de-gobierno-del-ayuntamiento-de-godelleta-pp-pug-da-a-conocer-en-el-plenario-el-reparto-de-competencias-entre-sus-ediles\/\" title=\"El equipo de gobierno del Ayuntamiento de Godelleta (PP-PUG) da a conocer en el plenario el reparto de competencias entre sus ediles\">[+] <\/a><\/div>\n","protected":false},"author":12,"featured_media":190181,"comment_status":"open","ping_status":"open","sticky":false,"template":"","format":"standard","meta":{"footnotes":""},"categories":[14,128,8,72,10,142,3],"tags":[10383,5952],"class_list":{"0":"post-189885","1":"post","2":"type-post","3":"status-publish","4":"format-standard","5":"has-post-thumbnail","7":"category-godelleta","8":"category-infraestructuras","9":"category-la-comarca","10":"category-sin-categorizar","11":"category-la-hoya","12":"category-politica-la-comarca","13":"category-seccion","14":"tag-godelleta","15":"tag-la-hoya-de-bunol-chiva"},"_links":{"self":[{"href":"https:\/\/www.tucomarca.com\/wordpress\/segunda\/wp-json\/wp\/v2\/posts\/189885","targetHints":{"allow":["GET"]}}],"collection":[{"href":"https:\/\/www.tucomarca.com\/wordpress\/segunda\/wp-json\/wp\/v2\/posts"}],"about":[{"href":"https:\/\/www.tucomarca.com\/wordpress\/segunda\/wp-json\/wp\/v2\/types\/post"}],"author":[{"embeddable":true,"href":"https:\/\/www.tucomarca.com\/wordpress\/segunda\/wp-json\/wp\/v2\/users\/12"}],"replies":[{"embeddable":true,"href":"https:\/\/www.tucomarca.com\/wordpress\/segunda\/wp-json\/wp\/v2\/comments?post=189885"}],"version-history":[{"count":0,"href":"https:\/\/www.tucomarca.com\/wordpress\/segunda\/wp-json\/wp\/v2\/posts\/189885\/revisions"}],"wp:featuredmedia":[{"embeddable":true,"href":"https:\/\/www.tucomarca.com\/wordpress\/segunda\/wp-json\/wp\/v2\/media\/190181"}],"wp:attachment":[{"href":"https:\/\/www.tucomarca.com\/wordpress\/segunda\/wp-json\/wp\/v2\/media?parent=189885"}],"wp:term":[{"taxonomy":"category","embeddable":true,"href":"https:\/\/www.tucomarca.com\/wordpress\/segunda\/wp-json\/wp\/v2\/categories?post=189885"},{"taxonomy":"post_tag","embeddable":true,"href":"https:\/\/www.tucomarca.com\/wordpress\/segunda\/wp-json\/wp\/v2\/tags?post=189885"}],"curies":[{"name":"wp","href":"https:\/\/api.w.org\/{rel}","templated":true}]}}