{"id":190053,"date":"2023-07-03T12:00:00","date_gmt":"2023-07-03T11:00:00","guid":{"rendered":"https:\/\/www.tucomarca.com\/wordpress\/segunda\/?p=190053"},"modified":"2023-07-03T13:08:38","modified_gmt":"2023-07-03T12:08:38","slug":"la-escuela-de-verano-da-comienzo-en-benaguasil","status":"publish","type":"post","link":"https:\/\/www.tucomarca.com\/wordpress\/segunda\/la-escuela-de-verano-da-comienzo-en-benaguasil\/","title":{"rendered":"La escuela de verano da comienzo en Benaguasil"},"content":{"rendered":"\n<h3 class=\"wp-block-heading\"><strong>El objetivo es favorecer la conciliaci\u00f3n familiar y laboral<\/strong>.<\/h3>\n\n\n\n<h3 class=\"wp-block-heading\"><strong>Manualidades, juegos y piscina son las actividades que realizar\u00e1n los 270 ni\u00f1os y ni\u00f1as a lo largo de todo el mes de julio<\/strong>.<\/h3>\n\n\n\n<p>Esta ma\u00f1ana ha dado inicio la Escuela de Verano Municipal, organizada por el Ayuntamiento en las instalaciones del Polideportivo y del Centro Social.&nbsp;<\/p>\n\n\n\n<p>La escuela de verano cuenta este a\u00f1o con la participaci\u00f3n de 270 ni\u00f1os nacidos entre 2009 y 2020 que, disfrutar\u00e1n de actividades l\u00fadicas y creativas como din\u00e1micas de grupo, juegos deportivos y acu\u00e1ticos, bailes o piscina.<\/p>\n\n\n\n<p>Durante todo el mes de julio, de 9,00 h a 14,00 h, los participantes tendr\u00e1n la oportunidad de disfrutar practicando deporte y aprendiendo en las instalaciones deportivas municipales durante las vacaciones.<\/p>\n\n\n\n<p>Se trata de una propuesta que el Ayuntamiento pone a disposici\u00f3n de los padres que tienen que trabajar con el objetivo de favorecer la conciliaci\u00f3n laboral y familiar y ofrecer una alternativa de ocio y educativa a los ni\u00f1os y ni\u00f1as.<\/p>\n\n\n\n<p>Desde el Ayuntamiento han subrayado que \u201cpara admitir a todos los solicitantes se han ampliado las plazas de la Escuela de Verano ya que es un servicio muy demandado, tal y como lo demuestran las cifras de inscripciones, y se ha ampliado en una hora el horario con la finalidad principal de ayudar a las familias a conciliar\u201d.<\/p>\n","protected":false},"excerpt":{"rendered":"<div class=\"mh-excerpt\">El objetivo es favorecer la conciliaci\u00f3n familiar y laboral. Manualidades, juegos y piscina son las actividades que realizar\u00e1n los 270 ni\u00f1os y ni\u00f1as a lo largo de todo el mes de julio. Esta ma\u00f1ana ha <a class=\"mh-excerpt-more\" href=\"https:\/\/www.tucomarca.com\/wordpress\/segunda\/la-escuela-de-verano-da-comienzo-en-benaguasil\/\" title=\"La escuela de verano da comienzo en Benaguasil\">[+] <\/a><\/div>\n","protected":false},"author":1,"featured_media":190054,"comment_status":"open","ping_status":"open","sticky":false,"template":"","format":"standard","meta":{"footnotes":""},"categories":[172,46,8,7,3],"tags":[10429,10395,889],"class_list":{"0":"post-190053","1":"post","2":"type-post","3":"status-publish","4":"format-standard","5":"has-post-thumbnail","7":"category-benaguasil","8":"category-camp-de-turia","9":"category-la-comarca","10":"category-ocio-y-cultura","11":"category-seccion","12":"tag-benaguasil","13":"tag-camp-de-turia","14":"tag-verano"},"_links":{"self":[{"href":"https:\/\/www.tucomarca.com\/wordpress\/segunda\/wp-json\/wp\/v2\/posts\/190053","targetHints":{"allow":["GET"]}}],"collection":[{"href":"https:\/\/www.tucomarca.com\/wordpress\/segunda\/wp-json\/wp\/v2\/posts"}],"about":[{"href":"https:\/\/www.tucomarca.com\/wordpress\/segunda\/wp-json\/wp\/v2\/types\/post"}],"author":[{"embeddable":true,"href":"https:\/\/www.tucomarca.com\/wordpress\/segunda\/wp-json\/wp\/v2\/users\/1"}],"replies":[{"embeddable":true,"href":"https:\/\/www.tucomarca.com\/wordpress\/segunda\/wp-json\/wp\/v2\/comments?post=190053"}],"version-history":[{"count":0,"href":"https:\/\/www.tucomarca.com\/wordpress\/segunda\/wp-json\/wp\/v2\/posts\/190053\/revisions"}],"wp:featuredmedia":[{"embeddable":true,"href":"https:\/\/www.tucomarca.com\/wordpress\/segunda\/wp-json\/wp\/v2\/media\/190054"}],"wp:attachment":[{"href":"https:\/\/www.tucomarca.com\/wordpress\/segunda\/wp-json\/wp\/v2\/media?parent=190053"}],"wp:term":[{"taxonomy":"category","embeddable":true,"href":"https:\/\/www.tucomarca.com\/wordpress\/segunda\/wp-json\/wp\/v2\/categories?post=190053"},{"taxonomy":"post_tag","embeddable":true,"href":"https:\/\/www.tucomarca.com\/wordpress\/segunda\/wp-json\/wp\/v2\/tags?post=190053"}],"curies":[{"name":"wp","href":"https:\/\/api.w.org\/{rel}","templated":true}]}}