{"id":1901,"date":"2012-05-18T10:10:58","date_gmt":"2012-05-18T09:10:58","guid":{"rendered":"http:\/\/www.tucomarca.com\/wordpress\/segunda\/?p=1901"},"modified":"2012-05-18T11:12:26","modified_gmt":"2012-05-18T10:12:26","slug":"el-cd-utiel-cierra-el-campeonato-en-orriols-frente-al-torre-levante","status":"publish","type":"post","link":"https:\/\/www.tucomarca.com\/wordpress\/segunda\/el-cd-utiel-cierra-el-campeonato-en-orriols-frente-al-torre-levante\/","title":{"rendered":"El CD Utiel cierra el campeonato en Orriols frente al Torre Levante"},"content":{"rendered":"<p>El CD Utiel se mide este fin de semana al Torre Levante en la futbol\u00edstica barriada de Orriols con os deberes hechos y con la mirada puesta en los posibles rivales en la Promoci\u00f3n.<br \/>\nLos rojinegros aprovecharan este envite para mantener la tensi\u00f3n, as\u00ed como para dar descanso a los jugadores m\u00e1s cansados. Su rival tambi\u00e9n ha certificado su presencia en la fase de ascenso, por lo que el choque pierde gran parte del inter\u00e9s que despert\u00f3 semanas atr\u00e1s.<\/p>\n","protected":false},"excerpt":{"rendered":"<div class=\"mh-excerpt\">El CD Utiel se mide este fin de semana al Torre Levante en la futbol\u00edstica barriada de Orriols con os deberes hechos y con la mirada puesta en los posibles rivales en la Promoci\u00f3n. Los <a class=\"mh-excerpt-more\" href=\"https:\/\/www.tucomarca.com\/wordpress\/segunda\/el-cd-utiel-cierra-el-campeonato-en-orriols-frente-al-torre-levante\/\" title=\"El CD Utiel cierra el campeonato en Orriols frente al Torre Levante\">[+] <\/a><\/div>\n","protected":false},"author":2,"featured_media":0,"comment_status":"open","ping_status":"open","sticky":false,"template":"","format":"standard","meta":{"footnotes":""},"categories":[50,6,27,3,29],"tags":[44],"class_list":{"0":"post-1901","1":"post","2":"type-post","3":"status-publish","4":"format-standard","6":"category-futbol-deportes","7":"category-deportes","8":"category-requena-utiel","9":"category-seccion","10":"category-utiel","11":"tag-futbol"},"_links":{"self":[{"href":"https:\/\/www.tucomarca.com\/wordpress\/segunda\/wp-json\/wp\/v2\/posts\/1901","targetHints":{"allow":["GET"]}}],"collection":[{"href":"https:\/\/www.tucomarca.com\/wordpress\/segunda\/wp-json\/wp\/v2\/posts"}],"about":[{"href":"https:\/\/www.tucomarca.com\/wordpress\/segunda\/wp-json\/wp\/v2\/types\/post"}],"author":[{"embeddable":true,"href":"https:\/\/www.tucomarca.com\/wordpress\/segunda\/wp-json\/wp\/v2\/users\/2"}],"replies":[{"embeddable":true,"href":"https:\/\/www.tucomarca.com\/wordpress\/segunda\/wp-json\/wp\/v2\/comments?post=1901"}],"version-history":[{"count":0,"href":"https:\/\/www.tucomarca.com\/wordpress\/segunda\/wp-json\/wp\/v2\/posts\/1901\/revisions"}],"wp:attachment":[{"href":"https:\/\/www.tucomarca.com\/wordpress\/segunda\/wp-json\/wp\/v2\/media?parent=1901"}],"wp:term":[{"taxonomy":"category","embeddable":true,"href":"https:\/\/www.tucomarca.com\/wordpress\/segunda\/wp-json\/wp\/v2\/categories?post=1901"},{"taxonomy":"post_tag","embeddable":true,"href":"https:\/\/www.tucomarca.com\/wordpress\/segunda\/wp-json\/wp\/v2\/tags?post=1901"}],"curies":[{"name":"wp","href":"https:\/\/api.w.org\/{rel}","templated":true}]}}