{"id":190113,"date":"2023-07-04T09:00:00","date_gmt":"2023-07-04T08:00:00","guid":{"rendered":"https:\/\/www.tucomarca.com\/wordpress\/segunda\/?p=190113"},"modified":"2023-07-04T11:06:15","modified_gmt":"2023-07-04T10:06:15","slug":"mas-de-50-jovenes-participan-en-el-ii-foro-joven-sobre-el-bienestar-emocional-tierra-bobal","status":"publish","type":"post","link":"https:\/\/www.tucomarca.com\/wordpress\/segunda\/mas-de-50-jovenes-participan-en-el-ii-foro-joven-sobre-el-bienestar-emocional-tierra-bobal\/","title":{"rendered":"M\u00e1s de 50 j\u00f3venes participan en el II Foro Joven sobre el Bienestar Emocional \u201cTierra Bobal\u201d"},"content":{"rendered":"\n<h4 class=\"wp-block-heading\">Con estos proyectos, se abren nuevos canales de comunicaci\u00f3n con las\/los j\u00f3venes de Camporrobles, Caudete de las Fuentes, Fuenterrobles, Requena, Sinarcas, Utiel, Venta del Moro y Villargordo del Cabriel, que adem\u00e1s experimentan una de las m\u00e1ximas de la participaci\u00f3n ciudadana: \u201ca participar se aprende participando\u201d<\/h4>\n\n\n\n<p>La jornada tuvo lugar el mi\u00e9rcoles 28 de junio de 10:00h a 14:30h, en el Centro Cultural de Camporrobles, y fue una iniciativa del Servicio de Juventud de la MITV.<\/p>\n\n\n\n<p>El <strong>II Foro Joven sobre el Bienestar Emocional \u201cTierra Bobal\u201d<\/strong> de la Mancomunidad Interior de la Tierra del Vino (MITV) fue una <strong>jornada participativa muy enriquecedora<\/strong>, desarrollada en nuestro territorio, por el <strong>Servicio de Juventud<\/strong> de la entidad, y con la que se pretenden seguir creando espacios de comunicaci\u00f3n y debate, que fomenten la participaci\u00f3n y el di\u00e1logo, entre la <strong>poblaci\u00f3n joven de 12 a 30 a\u00f1os<\/strong>, y el personal pol\u00edtico y t\u00e9cnico de nuestros municipios. De esta forma nuestros\/as j\u00f3venes pasan a ser protagonistas de la acci\u00f3n, como los agentes m\u00e1s importantes del cambio social, dejando claro que <strong>no solo son el FUTURO de nuestros pueblos, sino tambi\u00e9n el PRESENTE<\/strong>.<\/p>\n\n\n\n<p>La jornada se inici\u00f3 cuando un autob\u00fas recorri\u00f3 los distintos pueblos, recogiendo a las\/los m\u00e1s de 50 j\u00f3venes previamente inscrit@s. Desde las 10:00h de la ma\u00f1ana debatieron para <strong>analizar, y dar forma a sus propuestas<\/strong>, que fueron compartidas una por una, con personal t\u00e9cnico y pol\u00edtico de su municipio, en la segunda parte del Foro.&nbsp;<\/p>\n\n\n\n<p>Alguna de estas propuestas o inquietudes versaban sobre la <strong>mejora o el aumento del n\u00famero de las instalaciones (deportivas, espacios j\u00f3venes, sociales, \u2026), su preocupaci\u00f3n por temas como la sexualidad, el bullying, el acoso escolar, el suicidio y la aceptaci\u00f3n en su grupo de iguales.<\/strong><\/p>\n\n\n\n<p>Los responsables pol\u00edticos tomaron buena nota de las propuestas expuestas, y se comprometieron a hacer lo posible por satisfacer aquellas que vieran viables en un periodo no superior a 3 a\u00f1os.<\/p>\n\n\n\n<p>La jornada continu\u00f3 con una comida en la piscina municipal, sufragada por el Ayuntamiento de Camporrobles, tiempo que vali\u00f3 para que los\/as participantes se conociesen mejor y tuviesen oportunidad de socializar entre municipios. Se finaliz\u00f3 con una Kermesse, para disfrute y distensi\u00f3n de todos\/as.<\/p>\n\n\n\n<p>Queremos agradecer a todas las personas que han hecho posible la realizaci\u00f3n de este II Foro Joven:<\/p>\n\n\n\n<p>&#8211; A l@s m\u00e1s de 50 j\u00f3venes participantes, por su trabajo y su implicaci\u00f3n durante la jornada, pilar fundamental del Servicio de Juventud.<\/p>\n\n\n\n<p>&#8211; A l@s 18 representantes pol\u00edtic@s y t\u00e9cni@s que acudieron a la jornada, por su compromiso con proyectos tan necesarios e ilusionantes, como \u00e9ste.<\/p>\n\n\n\n<p>&#8211; Al Ayuntamiento de Camporrobles por todo su apoyo e implicaci\u00f3n, consiguiendo que la organizaci\u00f3n del acto fuese todo un \u00e9xito.<\/p>\n\n\n\n<p>&#8211; Al GVAIvaj, por el soporte en el desarrollo de nuevas pol\u00edticas de juventud.<\/p>\n\n\n\n<p>&#8211; Y por \u00faltimo, a l@s profesionales que forman el Equipo de Juventud de la MITV, por su labor al frente de este departamento.<\/p>\n","protected":false},"excerpt":{"rendered":"<div class=\"mh-excerpt\">Con estos proyectos, se abren nuevos canales de comunicaci\u00f3n con las\/los j\u00f3venes de Camporrobles, Caudete de las Fuentes, Fuenterrobles, Requena, Sinarcas, Utiel, Venta del Moro y Villargordo del Cabriel, que adem\u00e1s experimentan una de las <a class=\"mh-excerpt-more\" href=\"https:\/\/www.tucomarca.com\/wordpress\/segunda\/mas-de-50-jovenes-participan-en-el-ii-foro-joven-sobre-el-bienestar-emocional-tierra-bobal\/\" title=\"M\u00e1s de 50 j\u00f3venes participan en el II Foro Joven sobre el Bienestar Emocional \u201cTierra Bobal\u201d\">[+] <\/a><\/div>\n","protected":false},"author":12,"featured_media":190115,"comment_status":"open","ping_status":"open","sticky":false,"template":"","format":"standard","meta":{"footnotes":""},"categories":[236,119,37,139,8,142,28,27,3,235,29,234,120],"tags":[10456,19466,12385,10387],"class_list":{"0":"post-190113","1":"post","2":"type-post","3":"status-publish","4":"format-standard","5":"has-post-thumbnail","7":"category-camporrobles","8":"category-sanidad-la-comarca","9":"category-caudete","10":"category-fuenterrobles","11":"category-la-comarca","12":"category-politica-la-comarca","13":"category-requena","14":"category-requena-utiel","15":"category-seccion","16":"category-sinarcas","17":"category-utiel","18":"category-venta-del-moro","19":"category-villargordo-del-cabriel","20":"tag-camporrobles","21":"tag-ii-foro-joven-sobre-el-bienestar-emocional-tierra-bobal","22":"tag-mancomunidad-del-interior-tierra-del-vino","23":"tag-requena-utiel"},"_links":{"self":[{"href":"https:\/\/www.tucomarca.com\/wordpress\/segunda\/wp-json\/wp\/v2\/posts\/190113","targetHints":{"allow":["GET"]}}],"collection":[{"href":"https:\/\/www.tucomarca.com\/wordpress\/segunda\/wp-json\/wp\/v2\/posts"}],"about":[{"href":"https:\/\/www.tucomarca.com\/wordpress\/segunda\/wp-json\/wp\/v2\/types\/post"}],"author":[{"embeddable":true,"href":"https:\/\/www.tucomarca.com\/wordpress\/segunda\/wp-json\/wp\/v2\/users\/12"}],"replies":[{"embeddable":true,"href":"https:\/\/www.tucomarca.com\/wordpress\/segunda\/wp-json\/wp\/v2\/comments?post=190113"}],"version-history":[{"count":0,"href":"https:\/\/www.tucomarca.com\/wordpress\/segunda\/wp-json\/wp\/v2\/posts\/190113\/revisions"}],"wp:featuredmedia":[{"embeddable":true,"href":"https:\/\/www.tucomarca.com\/wordpress\/segunda\/wp-json\/wp\/v2\/media\/190115"}],"wp:attachment":[{"href":"https:\/\/www.tucomarca.com\/wordpress\/segunda\/wp-json\/wp\/v2\/media?parent=190113"}],"wp:term":[{"taxonomy":"category","embeddable":true,"href":"https:\/\/www.tucomarca.com\/wordpress\/segunda\/wp-json\/wp\/v2\/categories?post=190113"},{"taxonomy":"post_tag","embeddable":true,"href":"https:\/\/www.tucomarca.com\/wordpress\/segunda\/wp-json\/wp\/v2\/tags?post=190113"}],"curies":[{"name":"wp","href":"https:\/\/api.w.org\/{rel}","templated":true}]}}