{"id":190135,"date":"2023-07-04T08:55:00","date_gmt":"2023-07-04T07:55:00","guid":{"rendered":"https:\/\/www.tucomarca.com\/wordpress\/segunda\/?p=190135"},"modified":"2023-07-04T12:10:40","modified_gmt":"2023-07-04T11:10:40","slug":"se-presenta-la-tercera-fase-del-proyecto-calles-educativas-de-cheste","status":"publish","type":"post","link":"https:\/\/www.tucomarca.com\/wordpress\/segunda\/se-presenta-la-tercera-fase-del-proyecto-calles-educativas-de-cheste\/","title":{"rendered":"Se presenta la tercera fase del proyecto Calles Educativas de Cheste"},"content":{"rendered":"\n<figure class=\"wp-block-gallery has-nested-images columns-default is-cropped wp-block-gallery-1 is-layout-flex wp-block-gallery-is-layout-flex\">\n<figure class=\"wp-block-image size-large\"><img loading=\"lazy\" decoding=\"async\" width=\"886\" height=\"498\" data-id=\"190140\" src=\"https:\/\/www.tucomarca.com\/wordpress\/segunda\/wp-content\/uploads\/2023\/07\/ChesteCalleseducativas1.jpg\" alt=\"\" class=\"wp-image-190140\" srcset=\"https:\/\/www.tucomarca.com\/wordpress\/segunda\/wp-content\/uploads\/2023\/07\/ChesteCalleseducativas1.jpg 886w, https:\/\/www.tucomarca.com\/wordpress\/segunda\/wp-content\/uploads\/2023\/07\/ChesteCalleseducativas1-300x169.jpg 300w, https:\/\/www.tucomarca.com\/wordpress\/segunda\/wp-content\/uploads\/2023\/07\/ChesteCalleseducativas1-768x432.jpg 768w, https:\/\/www.tucomarca.com\/wordpress\/segunda\/wp-content\/uploads\/2023\/07\/ChesteCalleseducativas1-678x381.jpg 678w\" sizes=\"auto, (max-width: 886px) 100vw, 886px\" \/><\/figure>\n\n\n\n<figure class=\"wp-block-image size-large\"><img loading=\"lazy\" decoding=\"async\" width=\"886\" height=\"498\" data-id=\"190144\" src=\"https:\/\/www.tucomarca.com\/wordpress\/segunda\/wp-content\/uploads\/2023\/07\/ChesteCalleseducativas3.jpg\" alt=\"\" class=\"wp-image-190144\" srcset=\"https:\/\/www.tucomarca.com\/wordpress\/segunda\/wp-content\/uploads\/2023\/07\/ChesteCalleseducativas3.jpg 886w, https:\/\/www.tucomarca.com\/wordpress\/segunda\/wp-content\/uploads\/2023\/07\/ChesteCalleseducativas3-300x169.jpg 300w, https:\/\/www.tucomarca.com\/wordpress\/segunda\/wp-content\/uploads\/2023\/07\/ChesteCalleseducativas3-768x432.jpg 768w, https:\/\/www.tucomarca.com\/wordpress\/segunda\/wp-content\/uploads\/2023\/07\/ChesteCalleseducativas3-678x381.jpg 678w\" sizes=\"auto, (max-width: 886px) 100vw, 886px\" \/><\/figure>\n<\/figure>\n\n\n\n<p>El pasado 23 de junio, el CEIP Francisco Giner de los R\u00edos present\u00f3 en el sal\u00f3n de actos de la Fundaci\u00f3n cajacheste una nueva fase de su proyecto Calles educativas de Cheste, financiado por la Concejal\u00eda de Educaci\u00f3n.<\/p>\n\n\n\n<p>Tal y como se explic\u00f3 en el acto de presentaci\u00f3n, cuando se inici\u00f3 este proyecto hace varios a\u00f1os, el equipo docente encargado de llevarlo a cabo dividi\u00f3 el callejero de Cheste por temas para despu\u00e9s investigar y crear contenido en distintos idiomas sobre cada calle vinculada a esas tem\u00e1ticas. As\u00ed, en la primera fase se trabajaron las calles con nombre de mujeres ilustres, en la segunda se abord\u00f3 el tema de los pintores; y esta tercera fase se ha centrado en las calles de Cheste que llevan nombre de plantas y \u00e1rboles. Todos los contenidos creados por el alumnado se abren al p\u00fablico a trav\u00e9s de c\u00f3digos QR instalados en cada calle estudiada.<\/p>\n\n\n\n<p>Calles Educativas de Cheste est\u00e1 coordinado por Eva Mart\u00ednez Garrido, directora del CEIP Francisco Giner de los R\u00edos, y Mar\u00eda Consuelo S\u00e1nchez Vidal y \u00c1lvaro Medrano Garc\u00eda, docentes del centro. Adem\u00e1s cuenta con la colaboraci\u00f3n de Rosa Zan\u00f3n Ferrando, por parte de la asociaci\u00f3n esperantista de Cheste, y ha contado en la parte t\u00e9cnica con la empresa Trencafilms encargada de realizar los v\u00eddeos de la tercera fase del proyecto.<\/p>\n\n\n\n<p>Durante el acto de presentaci\u00f3n del proyecto se proyectaron los v\u00eddeos realizados en el marco de esta iniciativa y para finalizar, la concejala de Educaci\u00f3n, M\u00aa \u00c1ngeles Llorente, agradeci\u00f3 el trabajo al profesorado implicado y destac\u00f3 la importancia de este tipo de acciones educativas. \u201cEste proyecto no solo afecta a varias \u00e1reas del conocimiento: castellano, valenciano, ingl\u00e9s y ciencias naturales, sino que, adem\u00e1s, incide en la tradici\u00f3n y memoria de nuestro pueblo, recuperando, por un lado, el esperanto, lengua universal con especial incidencia en momentos relevantes de nuestra historia; y por otra, traspasando los muros del Giner y contribuyendo a la educaci\u00f3n colectiva de vecinos, vecinas y visitantes que a trav\u00e9s de los c\u00f3digos QR tienen la oportunidad de conocer mejor nuestra historia\u201d, manifestaba.&nbsp;<\/p>\n\n\n\n<p>La sesi\u00f3n se cerr\u00f3 con la interpretaci\u00f3n de la canci\u00f3n popular <em>Tres hojitas madre<\/em> por parte de todo el alumnado participante en el proyecto.<\/p>\n\n\n\n<p><strong>Proyecto Calles educativas de Cheste<\/strong><\/p>\n\n\n\n<p>Calles educativas Cheste es un proyecto desarrollado por el CEIP Francisco Giner de los R\u00edos que tiene como objetivo fomentar la participaci\u00f3n ciudadana para mejorar el municipio y que entra en sinergia con actividades realizadas en el centro educativo a lo largo del curso, como la celebraci\u00f3n del Carnaval o del Certamen de poes\u00eda. Adem\u00e1s, cuenta con un enfoque l\u00fadico y transcurre conectando transversalmente con distintas \u00e1reas curriculares. Por otra parte, el proyecto presenta un \u201crecorrido saludable\u201d ya que las distintas fases se presentar\u00e1n en un mapa para que cualquier vecino, vecina o visitante pueda realizarlo, mediante actividades propuestas el propio colegio, e incluso, siendo guiados y guiadas por el propio alumnado.&nbsp;<\/p>\n","protected":false},"excerpt":{"rendered":"<div class=\"mh-excerpt\">El pasado 23 de junio, el CEIP Francisco Giner de los R\u00edos present\u00f3 en el sal\u00f3n de actos de la Fundaci\u00f3n cajacheste una nueva fase de su proyecto Calles educativas de Cheste, financiado por la <a class=\"mh-excerpt-more\" href=\"https:\/\/www.tucomarca.com\/wordpress\/segunda\/se-presenta-la-tercera-fase-del-proyecto-calles-educativas-de-cheste\/\" title=\"Se presenta la tercera fase del proyecto Calles Educativas de Cheste\">[+] <\/a><\/div>\n","protected":false},"author":12,"featured_media":190142,"comment_status":"open","ping_status":"open","sticky":false,"template":"","format":"gallery","meta":{"footnotes":""},"categories":[17,8,10,7,3],"tags":[18532,339,5952],"class_list":{"0":"post-190135","1":"post","2":"type-post","3":"status-publish","4":"format-gallery","5":"has-post-thumbnail","7":"category-cheste","8":"category-la-comarca","9":"category-la-hoya","10":"category-ocio-y-cultura","11":"category-seccion","12":"tag-calles-educativas-de-cheste","13":"tag-cheste-2","14":"tag-la-hoya-de-bunol-chiva","15":"post_format-post-format-gallery"},"_links":{"self":[{"href":"https:\/\/www.tucomarca.com\/wordpress\/segunda\/wp-json\/wp\/v2\/posts\/190135","targetHints":{"allow":["GET"]}}],"collection":[{"href":"https:\/\/www.tucomarca.com\/wordpress\/segunda\/wp-json\/wp\/v2\/posts"}],"about":[{"href":"https:\/\/www.tucomarca.com\/wordpress\/segunda\/wp-json\/wp\/v2\/types\/post"}],"author":[{"embeddable":true,"href":"https:\/\/www.tucomarca.com\/wordpress\/segunda\/wp-json\/wp\/v2\/users\/12"}],"replies":[{"embeddable":true,"href":"https:\/\/www.tucomarca.com\/wordpress\/segunda\/wp-json\/wp\/v2\/comments?post=190135"}],"version-history":[{"count":0,"href":"https:\/\/www.tucomarca.com\/wordpress\/segunda\/wp-json\/wp\/v2\/posts\/190135\/revisions"}],"wp:featuredmedia":[{"embeddable":true,"href":"https:\/\/www.tucomarca.com\/wordpress\/segunda\/wp-json\/wp\/v2\/media\/190142"}],"wp:attachment":[{"href":"https:\/\/www.tucomarca.com\/wordpress\/segunda\/wp-json\/wp\/v2\/media?parent=190135"}],"wp:term":[{"taxonomy":"category","embeddable":true,"href":"https:\/\/www.tucomarca.com\/wordpress\/segunda\/wp-json\/wp\/v2\/categories?post=190135"},{"taxonomy":"post_tag","embeddable":true,"href":"https:\/\/www.tucomarca.com\/wordpress\/segunda\/wp-json\/wp\/v2\/tags?post=190135"}],"curies":[{"name":"wp","href":"https:\/\/api.w.org\/{rel}","templated":true}]}}