{"id":190245,"date":"2023-07-04T11:58:00","date_gmt":"2023-07-04T10:58:00","guid":{"rendered":"https:\/\/www.tucomarca.com\/wordpress\/segunda\/?p=190245"},"modified":"2023-07-04T17:44:18","modified_gmt":"2023-07-04T16:44:18","slug":"agricultores-y-ganaderos-de-la-unio-se-desplazan-hoy-en-tractor-hasta-madrid-y-otros-manana-en-autobus-para-participar-en-una-manifestacion-en-defensa-del-sector","status":"publish","type":"post","link":"https:\/\/www.tucomarca.com\/wordpress\/segunda\/agricultores-y-ganaderos-de-la-unio-se-desplazan-hoy-en-tractor-hasta-madrid-y-otros-manana-en-autobus-para-participar-en-una-manifestacion-en-defensa-del-sector\/","title":{"rendered":"Agricultores y ganaderos de La Uni\u00f3 se desplazan hoy en tractor hasta Madrid y otros ma\u00f1ana en autob\u00fas para participar en una manifestaci\u00f3n en defensa del sector\u00a0"},"content":{"rendered":"\n<h3 class=\"wp-block-heading\">La falta de respuesta efectiva por la sequ\u00eda, soluciones a la fauna salvaje, la implantaci\u00f3n del cuaderno digital, adaptaci\u00f3n de los ecorreg\u00edmenes de la PAC, entre algunos de los motivos de la protesta.<\/h3>\n\n\n\n<p>La Uni\u00f3 Llauradora i Ramadera, junto con el resto de organizaciones territoriales de la Uni\u00f3n de Uniones, ha convocado ma\u00f1ana una manifestaci\u00f3n a las puertas del Ministerio de Agricultura ante la falta de respuesta para el sector agrario sumido en una grave crisis agudizada adem\u00e1s por el encarecimiento de los costes de producci\u00f3n.<\/p>\n\n\n\n<p>La manifestaci\u00f3n consiste en una marcha formada por distintas columnas de tractores que han salido o saldr\u00e1n desde diversos puntos de las comunidades aut\u00f3nomas de la Comunitat Valenciana, Castilla y Le\u00f3n, Catalu\u00f1a, Castilla-La Mancha, Extremadura y Madrid y que desembocar\u00e1n ma\u00f1ana en la protesta de agricultores y ganaderos que discurrir\u00e1 desde la Puerta de Alcal\u00e1 hasta el Ministerio de Agricultura, para reclamar medidas contundentes y una defensa real del campo.<\/p>\n\n\n\n<p>Por parte de La Uni\u00f3, desde la comarca de Utiel-Requena est\u00e1 previsto que partan alrededor de 10 tractores con destino a Madrid esta noche en varias g\u00f3ndolas ya que no se ha recibido permiso para circular por carretera. Ma\u00f1ana, desde las 7,30 horas, saldr\u00e1n desde Torrejon de la Calzada con destino a Madrid. Adem\u00e1s, otro grupo de agricultores y ganaderos valencianos acudir\u00e1n desde otros puntos de la Comunitat Valenciana en autob\u00fas. M\u00e1s de 120 personas de La Uni\u00f3 se esperan ma\u00f1ana en Madrid.<\/p>\n\n\n\n<p>La protesta de ma\u00f1ana es entre otras cosas para hacer patente el malestar por las escasas medidas tomadas por parte del Gobierno para paliar el impacto de la sequ\u00eda, la negativa a retrasar la implantaci\u00f3n del cuaderno digital de explotaci\u00f3n, una adaptaci\u00f3n de los ecorreg\u00edmenes de la PAC a la realidad del sector agrario valenciano, medidas eficientes y reales ante los da\u00f1os de fauna silvestre (jabal\u00edes, conejos, caza mayor, flamencos, ardillas&#8230;), cada vez m\u00e1s evidentes en el campo valenciano, una modificaci\u00f3n de la ley de mejora del funcionamiento de la cadena alimentaria para que implemente medidas reales para los productores y que la rebaja del IVA al consumidor de los productos agroalimentarios tenga una repercusi\u00f3n efectiva sobre quienes producen esos alimentos.<\/p>\n","protected":false},"excerpt":{"rendered":"<div class=\"mh-excerpt\">La falta de respuesta efectiva por la sequ\u00eda, soluciones a la fauna salvaje, la implantaci\u00f3n del cuaderno digital, adaptaci\u00f3n de los ecorreg\u00edmenes de la PAC, entre algunos de los motivos de la protesta. La Uni\u00f3 <a class=\"mh-excerpt-more\" href=\"https:\/\/www.tucomarca.com\/wordpress\/segunda\/agricultores-y-ganaderos-de-la-unio-se-desplazan-hoy-en-tractor-hasta-madrid-y-otros-manana-en-autobus-para-participar-en-una-manifestacion-en-defensa-del-sector\/\" title=\"Agricultores y ganaderos de La Uni\u00f3 se desplazan hoy en tractor hasta Madrid y otros ma\u00f1ana en autob\u00fas para participar en una manifestaci\u00f3n en defensa del sector\u00a0\">[+] <\/a><\/div>\n","protected":false},"author":1,"featured_media":99593,"comment_status":"open","ping_status":"open","sticky":false,"template":"","format":"standard","meta":{"footnotes":""},"categories":[169,128,8,72,117,142,27,3,45],"tags":[85,18020,10387,9457],"class_list":{"0":"post-190245","1":"post","2":"type-post","3":"status-publish","4":"format-standard","5":"has-post-thumbnail","7":"category-agricultura-la-comarca","8":"category-infraestructuras","9":"category-la-comarca","10":"category-sin-categorizar","11":"category-medio-ambiente-la-comarca","12":"category-politica-la-comarca","13":"category-requena-utiel","14":"category-seccion","15":"category-ventana","16":"tag-agricultura","17":"tag-la-unio-llauradora","18":"tag-requena-utiel","19":"tag-tractores"},"_links":{"self":[{"href":"https:\/\/www.tucomarca.com\/wordpress\/segunda\/wp-json\/wp\/v2\/posts\/190245","targetHints":{"allow":["GET"]}}],"collection":[{"href":"https:\/\/www.tucomarca.com\/wordpress\/segunda\/wp-json\/wp\/v2\/posts"}],"about":[{"href":"https:\/\/www.tucomarca.com\/wordpress\/segunda\/wp-json\/wp\/v2\/types\/post"}],"author":[{"embeddable":true,"href":"https:\/\/www.tucomarca.com\/wordpress\/segunda\/wp-json\/wp\/v2\/users\/1"}],"replies":[{"embeddable":true,"href":"https:\/\/www.tucomarca.com\/wordpress\/segunda\/wp-json\/wp\/v2\/comments?post=190245"}],"version-history":[{"count":0,"href":"https:\/\/www.tucomarca.com\/wordpress\/segunda\/wp-json\/wp\/v2\/posts\/190245\/revisions"}],"wp:featuredmedia":[{"embeddable":true,"href":"https:\/\/www.tucomarca.com\/wordpress\/segunda\/wp-json\/wp\/v2\/media\/99593"}],"wp:attachment":[{"href":"https:\/\/www.tucomarca.com\/wordpress\/segunda\/wp-json\/wp\/v2\/media?parent=190245"}],"wp:term":[{"taxonomy":"category","embeddable":true,"href":"https:\/\/www.tucomarca.com\/wordpress\/segunda\/wp-json\/wp\/v2\/categories?post=190245"},{"taxonomy":"post_tag","embeddable":true,"href":"https:\/\/www.tucomarca.com\/wordpress\/segunda\/wp-json\/wp\/v2\/tags?post=190245"}],"curies":[{"name":"wp","href":"https:\/\/api.w.org\/{rel}","templated":true}]}}