{"id":190375,"date":"2023-07-05T12:12:00","date_gmt":"2023-07-05T11:12:00","guid":{"rendered":"https:\/\/www.tucomarca.com\/wordpress\/segunda\/?p=190375"},"modified":"2023-07-05T22:08:45","modified_gmt":"2023-07-05T21:08:45","slug":"el-ayuntamiento-de-utiel-homenajea-al-club-deportivo-utiel-por-su-ascenso-a-tercera","status":"publish","type":"post","link":"https:\/\/www.tucomarca.com\/wordpress\/segunda\/el-ayuntamiento-de-utiel-homenajea-al-club-deportivo-utiel-por-su-ascenso-a-tercera\/","title":{"rendered":"El Ayuntamiento de Utiel homenajea al Club Deportivo Utiel por su ascenso a Tercera"},"content":{"rendered":"\n<p><strong>La recepci\u00f3n oficial se ha celebrado en el sal\u00f3n de plenos y posteriormente el equipo se ha dirigido desde el balc\u00f3n consistorial a la entregada afici\u00f3n<\/strong><\/p>\n\n\n\n<p>Esta tarde, el CD Utiel ha sido recibido en el Ayuntamiento de Utiel en un acto oficial en el que se ha reconocido el m\u00e9rito del conjunto rojinegro por el hist\u00f3rico ascenso a Tercera 3A RFEF.<\/p>\n\n\n\n<p>El acto homenaje al CD Utiel ha abarrotado el sal\u00f3n de plenos consistorial para celebrar el hito deportivo alcanzado por el equipo al ascender a Tercera Federaci\u00f3n (3ARFEF) 11 a\u00f1os despu\u00e9s de vivir el ascenso de categor\u00eda, por aquel entonces a la ya desaparecida Tercera Divisi\u00f3n.<\/p>\n\n\n\n<p>Tras el decisivo partido de eliminatoria final vivido el domingo, 25 de junio, en el campo de La Celadilla en el que el CD Utiel se impon\u00eda al &nbsp;CF La Nuc\u00eda B&nbsp; 3 goles a 1, el equipo de Javi Pons ha recibido el cari\u00f1o y las continuas felicitaciones de utielanos y aficionados que hoy cientos de vecinos han manifestado de forma efusiva.<\/p>\n\n\n\n<p>Con este acto oficial, el Ayuntamiento de Utiel ha reconocido el esfuerzo y dedicaci\u00f3n del equipo para lograr el ansiado ascenso a Tercera.&nbsp;<\/p>\n\n\n\n<p>El alcalde de Utiel, Ricardo Gabald\u00f3n felicit\u00f3 al CD Utiel, jugadores, cuerpo t\u00e9cnico y directiva resaltando la figura del entrenador y del presidente del club ,as\u00ed como haciendo una menci\u00f3n especial a la afici\u00f3n utielana y los Utracelas.<\/p>\n\n\n\n<p>Ricardo Gabald\u00f3n estuvo acompa\u00f1ado en el acto por la Reina de la Feria y Fiestas de Utiel, Carla Garc\u00eda, el concejal de deportes, Ricardo Febr\u00e9, el presidente del CD Utiel, David Arona , y el entrenador del CD Utiel Xavi Pons,&nbsp;<\/p>\n\n\n\n<p>El acto ha concluido con la entrega de un obsequio conmemorativo por parte del alcalde al presidente del CD Utiel, que a su vez le ha hecho entrega al primer edil de una camiseta personaliza del Club Deportivo Utiel.&nbsp;<\/p>\n\n\n\n<p>Tras el acto protocolario, el conjunto rojinegro se ha dirigido desde el balc\u00f3n consistorial a la afici\u00f3n concentrada en&nbsp; la Plaza del Ayuntamiento de Utiel para agradecerles el apoyo y cari\u00f1o que han mostrado de forma incondicional al equipo.<\/p>\n\n\n\n<figure class=\"wp-block-gallery has-nested-images columns-default is-cropped wp-block-gallery-1 is-layout-flex wp-block-gallery-is-layout-flex\">\n<figure class=\"wp-block-image size-large\"><img loading=\"lazy\" decoding=\"async\" width=\"1024\" height=\"768\" data-id=\"190383\" src=\"https:\/\/www.tucomarca.com\/wordpress\/segunda\/wp-content\/uploads\/2023\/07\/homenaje-cd-utiel-ascenso-2-1024x768.jpg\" alt=\"\" class=\"wp-image-190383\" srcset=\"https:\/\/www.tucomarca.com\/wordpress\/segunda\/wp-content\/uploads\/2023\/07\/homenaje-cd-utiel-ascenso-2-1024x768.jpg 1024w, https:\/\/www.tucomarca.com\/wordpress\/segunda\/wp-content\/uploads\/2023\/07\/homenaje-cd-utiel-ascenso-2-300x225.jpg 300w, https:\/\/www.tucomarca.com\/wordpress\/segunda\/wp-content\/uploads\/2023\/07\/homenaje-cd-utiel-ascenso-2-768x576.jpg 768w, https:\/\/www.tucomarca.com\/wordpress\/segunda\/wp-content\/uploads\/2023\/07\/homenaje-cd-utiel-ascenso-2-1536x1152.jpg 1536w, https:\/\/www.tucomarca.com\/wordpress\/segunda\/wp-content\/uploads\/2023\/07\/homenaje-cd-utiel-ascenso-2-678x509.jpg 678w, https:\/\/www.tucomarca.com\/wordpress\/segunda\/wp-content\/uploads\/2023\/07\/homenaje-cd-utiel-ascenso-2-326x245.jpg 326w, https:\/\/www.tucomarca.com\/wordpress\/segunda\/wp-content\/uploads\/2023\/07\/homenaje-cd-utiel-ascenso-2-80x60.jpg 80w, https:\/\/www.tucomarca.com\/wordpress\/segunda\/wp-content\/uploads\/2023\/07\/homenaje-cd-utiel-ascenso-2.jpg 1600w\" sizes=\"auto, (max-width: 1024px) 100vw, 1024px\" \/><\/figure>\n\n\n\n<figure class=\"wp-block-image size-large\"><img loading=\"lazy\" decoding=\"async\" width=\"1024\" height=\"768\" data-id=\"190386\" src=\"https:\/\/www.tucomarca.com\/wordpress\/segunda\/wp-content\/uploads\/2023\/07\/homenaje-cd-utiel-ascenso-5-1024x768.jpg\" alt=\"\" class=\"wp-image-190386\" srcset=\"https:\/\/www.tucomarca.com\/wordpress\/segunda\/wp-content\/uploads\/2023\/07\/homenaje-cd-utiel-ascenso-5-1024x768.jpg 1024w, https:\/\/www.tucomarca.com\/wordpress\/segunda\/wp-content\/uploads\/2023\/07\/homenaje-cd-utiel-ascenso-5-300x225.jpg 300w, https:\/\/www.tucomarca.com\/wordpress\/segunda\/wp-content\/uploads\/2023\/07\/homenaje-cd-utiel-ascenso-5-768x576.jpg 768w, https:\/\/www.tucomarca.com\/wordpress\/segunda\/wp-content\/uploads\/2023\/07\/homenaje-cd-utiel-ascenso-5-1536x1152.jpg 1536w, https:\/\/www.tucomarca.com\/wordpress\/segunda\/wp-content\/uploads\/2023\/07\/homenaje-cd-utiel-ascenso-5-678x509.jpg 678w, https:\/\/www.tucomarca.com\/wordpress\/segunda\/wp-content\/uploads\/2023\/07\/homenaje-cd-utiel-ascenso-5-326x245.jpg 326w, https:\/\/www.tucomarca.com\/wordpress\/segunda\/wp-content\/uploads\/2023\/07\/homenaje-cd-utiel-ascenso-5-80x60.jpg 80w, https:\/\/www.tucomarca.com\/wordpress\/segunda\/wp-content\/uploads\/2023\/07\/homenaje-cd-utiel-ascenso-5.jpg 1600w\" sizes=\"auto, (max-width: 1024px) 100vw, 1024px\" \/><\/figure>\n\n\n\n<figure class=\"wp-block-image size-large\"><img loading=\"lazy\" decoding=\"async\" width=\"768\" height=\"1024\" data-id=\"190382\" src=\"https:\/\/www.tucomarca.com\/wordpress\/segunda\/wp-content\/uploads\/2023\/07\/homenaje-cd-utiel-ascenso-8-768x1024.jpg\" alt=\"\" class=\"wp-image-190382\" srcset=\"https:\/\/www.tucomarca.com\/wordpress\/segunda\/wp-content\/uploads\/2023\/07\/homenaje-cd-utiel-ascenso-8-768x1024.jpg 768w, https:\/\/www.tucomarca.com\/wordpress\/segunda\/wp-content\/uploads\/2023\/07\/homenaje-cd-utiel-ascenso-8-225x300.jpg 225w, https:\/\/www.tucomarca.com\/wordpress\/segunda\/wp-content\/uploads\/2023\/07\/homenaje-cd-utiel-ascenso-8-1152x1536.jpg 1152w, https:\/\/www.tucomarca.com\/wordpress\/segunda\/wp-content\/uploads\/2023\/07\/homenaje-cd-utiel-ascenso-8.jpg 1200w\" sizes=\"auto, (max-width: 768px) 100vw, 768px\" \/><\/figure>\n\n\n\n<figure class=\"wp-block-image size-large\"><img loading=\"lazy\" decoding=\"async\" width=\"1024\" height=\"768\" data-id=\"190388\" src=\"https:\/\/www.tucomarca.com\/wordpress\/segunda\/wp-content\/uploads\/2023\/07\/homenaje-cd-utiel-ascenso-9-1-1024x768.jpg\" alt=\"\" class=\"wp-image-190388\" srcset=\"https:\/\/www.tucomarca.com\/wordpress\/segunda\/wp-content\/uploads\/2023\/07\/homenaje-cd-utiel-ascenso-9-1-1024x768.jpg 1024w, https:\/\/www.tucomarca.com\/wordpress\/segunda\/wp-content\/uploads\/2023\/07\/homenaje-cd-utiel-ascenso-9-1-300x225.jpg 300w, https:\/\/www.tucomarca.com\/wordpress\/segunda\/wp-content\/uploads\/2023\/07\/homenaje-cd-utiel-ascenso-9-1-768x576.jpg 768w, https:\/\/www.tucomarca.com\/wordpress\/segunda\/wp-content\/uploads\/2023\/07\/homenaje-cd-utiel-ascenso-9-1-1536x1152.jpg 1536w, https:\/\/www.tucomarca.com\/wordpress\/segunda\/wp-content\/uploads\/2023\/07\/homenaje-cd-utiel-ascenso-9-1-678x509.jpg 678w, https:\/\/www.tucomarca.com\/wordpress\/segunda\/wp-content\/uploads\/2023\/07\/homenaje-cd-utiel-ascenso-9-1-326x245.jpg 326w, https:\/\/www.tucomarca.com\/wordpress\/segunda\/wp-content\/uploads\/2023\/07\/homenaje-cd-utiel-ascenso-9-1-80x60.jpg 80w, https:\/\/www.tucomarca.com\/wordpress\/segunda\/wp-content\/uploads\/2023\/07\/homenaje-cd-utiel-ascenso-9-1.jpg 1600w\" sizes=\"auto, (max-width: 1024px) 100vw, 1024px\" \/><\/figure>\n<\/figure>\n","protected":false},"excerpt":{"rendered":"<div class=\"mh-excerpt\">La recepci\u00f3n oficial se ha celebrado en el sal\u00f3n de plenos y posteriormente el equipo se ha dirigido desde el balc\u00f3n consistorial a la entregada afici\u00f3n Esta tarde, el CD Utiel ha sido recibido en <a class=\"mh-excerpt-more\" href=\"https:\/\/www.tucomarca.com\/wordpress\/segunda\/el-ayuntamiento-de-utiel-homenajea-al-club-deportivo-utiel-por-su-ascenso-a-tercera\/\" title=\"El Ayuntamiento de Utiel homenajea al Club Deportivo Utiel por su ascenso a Tercera\">[+] <\/a><\/div>\n","protected":false},"author":13,"featured_media":190380,"comment_status":"open","ping_status":"open","sticky":false,"template":"","format":"gallery","meta":{"footnotes":""},"categories":[50,6,27,3,29,45],"tags":[44,10387,10389],"class_list":{"0":"post-190375","1":"post","2":"type-post","3":"status-publish","4":"format-gallery","5":"has-post-thumbnail","7":"category-futbol-deportes","8":"category-deportes","9":"category-requena-utiel","10":"category-seccion","11":"category-utiel","12":"category-ventana","13":"tag-futbol","14":"tag-requena-utiel","15":"tag-utiel","16":"post_format-post-format-gallery"},"_links":{"self":[{"href":"https:\/\/www.tucomarca.com\/wordpress\/segunda\/wp-json\/wp\/v2\/posts\/190375","targetHints":{"allow":["GET"]}}],"collection":[{"href":"https:\/\/www.tucomarca.com\/wordpress\/segunda\/wp-json\/wp\/v2\/posts"}],"about":[{"href":"https:\/\/www.tucomarca.com\/wordpress\/segunda\/wp-json\/wp\/v2\/types\/post"}],"author":[{"embeddable":true,"href":"https:\/\/www.tucomarca.com\/wordpress\/segunda\/wp-json\/wp\/v2\/users\/13"}],"replies":[{"embeddable":true,"href":"https:\/\/www.tucomarca.com\/wordpress\/segunda\/wp-json\/wp\/v2\/comments?post=190375"}],"version-history":[{"count":0,"href":"https:\/\/www.tucomarca.com\/wordpress\/segunda\/wp-json\/wp\/v2\/posts\/190375\/revisions"}],"wp:featuredmedia":[{"embeddable":true,"href":"https:\/\/www.tucomarca.com\/wordpress\/segunda\/wp-json\/wp\/v2\/media\/190380"}],"wp:attachment":[{"href":"https:\/\/www.tucomarca.com\/wordpress\/segunda\/wp-json\/wp\/v2\/media?parent=190375"}],"wp:term":[{"taxonomy":"category","embeddable":true,"href":"https:\/\/www.tucomarca.com\/wordpress\/segunda\/wp-json\/wp\/v2\/categories?post=190375"},{"taxonomy":"post_tag","embeddable":true,"href":"https:\/\/www.tucomarca.com\/wordpress\/segunda\/wp-json\/wp\/v2\/tags?post=190375"}],"curies":[{"name":"wp","href":"https:\/\/api.w.org\/{rel}","templated":true}]}}